{"id":87,"date":"2015-07-07T07:47:49","date_gmt":"2015-07-07T07:47:49","guid":{"rendered":"http:\/\/lacittafutura.net\/valentinozanon\/?p=87"},"modified":"2015-07-07T10:05:25","modified_gmt":"2015-07-07T10:05:25","slug":"87","status":"publish","type":"post","link":"https:\/\/lacittafutura.net\/valentinozanon\/2015\/07\/07\/87\/","title":{"rendered":"Solidariet\u00e0"},"content":{"rendered":"<p><span style=\"color: #000000\">Solidariet\u00e0 \u00e8<\/span> un sostantivo che deriva dalla parola francese <em>solidarit\u00e9<\/em> e che ha come suo significato principale una forma di impegno etico-sociale a favore di altri. Il termine indica un atteggiamento di benevolenza e comprensione che si manifesta fino al punto di esprimersi in uno sforzo attivo e gratuito, teso a venire incontro alle esigenze e ai disagi di qualcuno che abbia bisogno di un aiuto.<\/p>\n<p>Il cattolico molto spesso confonde solidariet\u00e0 con carit\u00e0 e anche noi tutti, pensiamo di essere solidali quando diamo qualche spicciolo all&#8217;extracomunitario di turno al supermercato o quando doniamo via telefono qualche euro per qualche associazione, con questo gesto molto spesso ci laviamo la coscienza e ci sentiamo bene.<\/p>\n<p>Se i nostri figli non ci chiamano almeno due volte al giorno ci preoccupiamo, poi tranquillamente andiamo ad acquistare   dei prodotti, per il quale\u00a0un altro figlio uguale al nostro \u00e8 stato sfruttato e rischia malattie gravi per produrlo.<\/p>\n<p>Un mio parente pugliese, arrivato anni fa con le caserme, si lamentava dell&#8217;arrivo degli extracomunitari. &#8220;Portano malattie, portano via lavoro&#8221;. Gli ho ricordato che quando  \u00e8 arrivato lui  e centinaia di altre persone del sud a Portogruaro la gente li chiamava terroni e non li poteva vedere perch\u00e9 portavano malattie e rubavano il lavoro.<\/p>\n<p>Durante gli ultimi giorni della campagna elettorale qualcuno, per uso politico, aveva fatto girare voce che erano arrivati degli extracomunitari, creando paura e sgomento.<\/p>\n<p>Venerd\u00ec sono arrivati ed io sono andato nella palestra del Luzzato per vedere se c&#8217;era bisogno di qualcosa. Erano arrivato in 15, ma ne erano rimasti 5. Gli altri erano fuggiti via, messi nella palestra provinciale dal Prefetto, perch\u00e9\u00a0 la Giunta comunale non li ha voluti.<\/p>\n<p>Cinque ragazzi giovanissimi&#8230; dicono di avere 20 anni&#8230; Sono distesi su materassi in plastica, in un ambiente molto caldo, gestiti da un operatore di una cooperativa, che sta gestendo a Eraclea 290 persone. Facce impaurite, magri, con la voglia solo di andar via in Germania. L&#8217;operatore parla arabo ed uno dei ragazzi eritrei lo parla e comunica con lui e racconta la storia di\u00a0sei settimane.<\/p>\n<p><em>\u201cDue<\/em> <em>settimane passate in camion dall&#8217;Eritrea alla Somalia, mangiando solo\u00a0quattro croissant al giorno e pagando 1600 dollari&#8230; poi arrivati in Libia&#8230; pagando 2000 dollari&#8230; rinchiusi in una capannone&#8230; (tipo la palestra dove li abbiamo messi noi) sino a quando tutti non hanno pagato&#8230; e poi il viaggio&#8230; il trasbordo su altre barche&#8230; la paura&#8230; lo sbarco&#8230; ed il sogno di un mondo migliore, in Germania.&#8221;<\/em><\/p>\n<p>Un pallone, quattro tiri a canestro e un po&#8217; di calcio. Pantaloncini corti, qualche maglietta nuova e i loro sorrisi arrivano ad illuminare i loro bei visi.<\/p>\n<p>Miei figli, nostri figli, figli del sogno dei loro genitori che li vogliono lontani, seppur con atroce dolore, lontani a cercare un mondo migliore lontano dalle guerre e dagli sfruttamenti, dai regimi e dalle multinazionali, schiaviste. Nostri figli, ma sono qui, in questa palestra invivibile, schivati da tutti. Eppur i giornali hanno dato abbondanti notizie. Qui non c&#8217;\u00e8 nessuna associazione famosa, nessun personaggio politico, di quelli che hanno lucrato sul loro arrivo e neanche di altri\u00a0c&#8217;\u00e8 la presenza. Si vede l&#8217;Assessore alla sanit\u00e0 che &#8211; pur essendo medico &#8211; non li visita. Qualche volontario, Lucia, Mauro, Michele, che essendo eritreo parla con loro, Silvia, Pia, Anna, io e qualche altro volonteroso.<\/p>\n<p>Eppure ci definiamo solidali&#8230; Si potrebbe parlare per ore su  le migliaia di extracomunitari che arrivano, sulle leggi europee e sulla loro mancanza nella gestione, sulle leggi di questa Italia che ha dimenticato tutta la sua storia, ma sono solamente cinque ragazzi giovani, nostri figli, figli di tutti noi.<\/p>\n","protected":false},"excerpt":{"rendered":"<p>Solidariet\u00e0 \u00e8 un sostantivo che deriva dalla parola francese solidarit\u00e9 e che ha come suo significato principale una forma di impegno etico-sociale a favore di altri. Il termine indica un atteggiamento di benevolenza e comprensione che si manifesta fino al &hellip; <a href=\"https:\/\/lacittafutura.net\/valentinozanon\/2015\/07\/07\/87\/\">Continua a leggere<span class=\"meta-nav\">&rarr;<\/span><\/a><\/p>\n","protected":false},"author":18,"featured_media":0,"comment_status":"open","ping_status":"open","sticky":false,"template":"","format":"standard","meta":{"footnotes":""},"categories":[4,8,6],"tags":[13,12],"class_list":["post-87","post","type-post","status-publish","format-standard","hentry","category-consumo-critico","category-ecologia","category-politica","tag-immigrati","tag-solidarieta"],"_links":{"self":[{"href":"https:\/\/lacittafutura.net\/valentinozanon\/wp-json\/wp\/v2\/posts\/87","targetHints":{"allow":["GET"]}}],"collection":[{"href":"https:\/\/lacittafutura.net\/valentinozanon\/wp-json\/wp\/v2\/posts"}],"about":[{"href":"https:\/\/lacittafutura.net\/valentinozanon\/wp-json\/wp\/v2\/types\/post"}],"author":[{"embeddable":true,"href":"https:\/\/lacittafutura.net\/valentinozanon\/wp-json\/wp\/v2\/users\/18"}],"replies":[{"embeddable":true,"href":"https:\/\/lacittafutura.net\/valentinozanon\/wp-json\/wp\/v2\/comments?post=87"}],"version-history":[{"count":9,"href":"https:\/\/lacittafutura.net\/valentinozanon\/wp-json\/wp\/v2\/posts\/87\/revisions"}],"predecessor-version":[{"id":97,"href":"https:\/\/lacittafutura.net\/valentinozanon\/wp-json\/wp\/v2\/posts\/87\/revisions\/97"}],"wp:attachment":[{"href":"https:\/\/lacittafutura.net\/valentinozanon\/wp-json\/wp\/v2\/media?parent=87"}],"wp:term":[{"taxonomy":"category","embeddable":true,"href":"https:\/\/lacittafutura.net\/valentinozanon\/wp-json\/wp\/v2\/categories?post=87"},{"taxonomy":"post_tag","embeddable":true,"href":"https:\/\/lacittafutura.net\/valentinozanon\/wp-json\/wp\/v2\/tags?post=87"}],"curies":[{"name":"wp","href":"https:\/\/api.w.org\/{rel}","templated":true}]}}