{"id":386,"date":"2013-12-14T13:59:09","date_gmt":"2013-12-14T13:59:09","guid":{"rendered":"http:\/\/lacittafutura.net\/ermesdrigo\/?p=386"},"modified":"2013-12-20T16:18:23","modified_gmt":"2013-12-20T16:18:23","slug":"forconi-e-partite-iva-umili","status":"publish","type":"post","link":"https:\/\/lacittafutura.net\/ermesdrigo\/2013\/12\/14\/forconi-e-partite-iva-umili\/","title":{"rendered":"Forconi e partite IVA &#8220;umili&#8221;"},"content":{"rendered":"<p>Tralascio le motivazioni per essere oggi scontenti della classe politica in generale perch\u00e8 presumo ci sia poco da discutere; ritorno ai forconi e alle partite IVA &#8220;umili&#8221; che sono l&#8217;anima di questa rivolta. <\/p>\n<p>Le partite IVA che qualcuno chiama &#8220;umili&#8221; sono in gran parte la base che ha sostenuto con i voti e soprattutto culturalmente Berlusconi ritenendo di trarre qualche piccolo vantaggio personale. Quando parlo dei voti a Berlusconi non parlo tanto della libert\u00e0 di votare ma della comunanza di idee con una societ\u00e0 illegale dove il pi\u00f9 forte, il pi\u00f9 furbo, ha ragione, dove la violenza vince. Sono le partite che se potevano evadevano, non battevano lo scontrino e soprattutto sostenevano e continuano a sostenere che evadere \u00e8 giusto. <\/p>\n<p>Sono le persone violente per natura e che ora sono violente di fatto perch\u00e8 mancano i soldi. Sono quelle che frequentano i campi da calcio con pugnali e spranghe, impuniti perch\u00e8 fanno comodo alla politica del calcio, aspettano l&#8217;avversario e lo colpiscono senza mai pagare dazio. Violenti oggi alla fame, perch\u00e8 il sistema economico che li ha sostenuti fino ad oggi (tangenti ed evasione) \u00e8 finito e con esso i soldi. Pretendono di essere visti ed ascoltati, ma erano ciechi e sordi quando in altre situazioni altri deboli chiedevano aiuto. <\/p>\n<p>Sono attori sbagliati di una protesta giusta, per avere non una societ\u00e0 pi\u00f9 giusta, ma per riavere quelle piccole furberie e privilegi che grazie ai politici fino ad oggi sono stati concessi solo a loro. Tutto ci\u00f2 ovviamente non riguarda i giovani ai quali non \u00e8 neanche stata data la possibilit\u00e0 di vivere bene, civilmente, con futuro &#8211; neanche illegalmente. <\/p>\n","protected":false},"excerpt":{"rendered":"<p>Tralascio le motivazioni per essere oggi scontenti della classe politica in generale perch\u00e8 presumo ci sia poco da discutere; ritorno ai forconi e alle partite IVA &#8220;umili&#8221; che sono l&#8217;anima di questa rivolta. Le partite IVA che qualcuno chiama &#8220;umili&#8221; &hellip; <a href=\"https:\/\/lacittafutura.net\/ermesdrigo\/2013\/12\/14\/forconi-e-partite-iva-umili\/\">Continua a leggere<span class=\"meta-nav\">&rarr;<\/span><\/a><\/p>\n","protected":false},"author":7,"featured_media":0,"comment_status":"open","ping_status":"open","sticky":false,"template":"","format":"standard","meta":{"footnotes":""},"categories":[12],"tags":[39],"class_list":["post-386","post","type-post","status-publish","format-standard","hentry","category-politica","tag-legalita"],"_links":{"self":[{"href":"https:\/\/lacittafutura.net\/ermesdrigo\/wp-json\/wp\/v2\/posts\/386","targetHints":{"allow":["GET"]}}],"collection":[{"href":"https:\/\/lacittafutura.net\/ermesdrigo\/wp-json\/wp\/v2\/posts"}],"about":[{"href":"https:\/\/lacittafutura.net\/ermesdrigo\/wp-json\/wp\/v2\/types\/post"}],"author":[{"embeddable":true,"href":"https:\/\/lacittafutura.net\/ermesdrigo\/wp-json\/wp\/v2\/users\/7"}],"replies":[{"embeddable":true,"href":"https:\/\/lacittafutura.net\/ermesdrigo\/wp-json\/wp\/v2\/comments?post=386"}],"version-history":[{"count":7,"href":"https:\/\/lacittafutura.net\/ermesdrigo\/wp-json\/wp\/v2\/posts\/386\/revisions"}],"predecessor-version":[{"id":404,"href":"https:\/\/lacittafutura.net\/ermesdrigo\/wp-json\/wp\/v2\/posts\/386\/revisions\/404"}],"wp:attachment":[{"href":"https:\/\/lacittafutura.net\/ermesdrigo\/wp-json\/wp\/v2\/media?parent=386"}],"wp:term":[{"taxonomy":"category","embeddable":true,"href":"https:\/\/lacittafutura.net\/ermesdrigo\/wp-json\/wp\/v2\/categories?post=386"},{"taxonomy":"post_tag","embeddable":true,"href":"https:\/\/lacittafutura.net\/ermesdrigo\/wp-json\/wp\/v2\/tags?post=386"}],"curies":[{"name":"wp","href":"https:\/\/api.w.org\/{rel}","templated":true}]}}