{"id":285,"date":"2013-01-08T19:17:38","date_gmt":"2013-01-08T19:17:38","guid":{"rendered":"http:\/\/lacittafutura.net\/ermesdrigo\/?p=285"},"modified":"2013-01-09T08:39:11","modified_gmt":"2013-01-09T08:39:11","slug":"i-patrioti-di-alitalia","status":"publish","type":"post","link":"https:\/\/lacittafutura.net\/ermesdrigo\/2013\/01\/08\/i-patrioti-di-alitalia\/","title":{"rendered":"I patrioti di Alitalia"},"content":{"rendered":"<p><strong>Alitalia sul baratro, il salvataggio &#8230;<\/strong><\/p>\n<p>La telenovela Alitalia a quattro anni dal salvataggio targato Silvio Berlusconi e puntellato da 3 miliardi di soldi pubblici &#8211; torna al punto di partenza. I conti, malgrado il lavoro della cordata dei patrioti, non quadrano ancora: la compagnia perde 630mila euro al giorno, i 735 milioni di rosso accumulati nei quattro anni di gestione privata hanno bruciato quasi tutto il capitale, la liquidit\u00e0 in cassa si \u00e8 assottigliata a 300 milioni. Il prossimo 12 gennaio scatter\u00e0 la campanella del &#8220;liberi tutti&#8221;. Gli azionisti, scaduto il vincolo del lock-up, potranno vendere le loro partecipazioni. E nell&#8217;arco di pochissimi mesi si decider\u00e0 per l&#8217;ennesima volta il futuro dell&#8217;aerolinea tricolore, sospesa tra la tentazione di una rinazionalizzazione strisciante e una cessione a prezzi d&#8217;affezione a quella stessa Air France che nel 2008 aveva messo sul piatto 2,4 miliardi per farsi carico della societ\u00e0. Senza lasciare, piccolo particolare, un euro di spesa a carico dei contribuenti tricolori.<\/p>\n<p><em> (la Repubblica, 7 gennaio 2012)<\/em><\/p>\n","protected":false},"excerpt":{"rendered":"<p>Alitalia sul baratro, il salvataggio &#8230; La telenovela Alitalia a quattro anni dal salvataggio targato Silvio Berlusconi e puntellato da 3 miliardi di soldi pubblici &#8211; torna al punto di partenza. I conti, malgrado il lavoro della cordata dei patrioti, &hellip; <a href=\"https:\/\/lacittafutura.net\/ermesdrigo\/2013\/01\/08\/i-patrioti-di-alitalia\/\">Continua a leggere<span class=\"meta-nav\">&rarr;<\/span><\/a><\/p>\n","protected":false},"author":7,"featured_media":0,"comment_status":"open","ping_status":"open","sticky":false,"template":"","format":"standard","meta":{"footnotes":""},"categories":[12],"tags":[19],"class_list":["post-285","post","type-post","status-publish","format-standard","hentry","category-politica","tag-conti-pubblici"],"_links":{"self":[{"href":"https:\/\/lacittafutura.net\/ermesdrigo\/wp-json\/wp\/v2\/posts\/285","targetHints":{"allow":["GET"]}}],"collection":[{"href":"https:\/\/lacittafutura.net\/ermesdrigo\/wp-json\/wp\/v2\/posts"}],"about":[{"href":"https:\/\/lacittafutura.net\/ermesdrigo\/wp-json\/wp\/v2\/types\/post"}],"author":[{"embeddable":true,"href":"https:\/\/lacittafutura.net\/ermesdrigo\/wp-json\/wp\/v2\/users\/7"}],"replies":[{"embeddable":true,"href":"https:\/\/lacittafutura.net\/ermesdrigo\/wp-json\/wp\/v2\/comments?post=285"}],"version-history":[{"count":6,"href":"https:\/\/lacittafutura.net\/ermesdrigo\/wp-json\/wp\/v2\/posts\/285\/revisions"}],"predecessor-version":[{"id":291,"href":"https:\/\/lacittafutura.net\/ermesdrigo\/wp-json\/wp\/v2\/posts\/285\/revisions\/291"}],"wp:attachment":[{"href":"https:\/\/lacittafutura.net\/ermesdrigo\/wp-json\/wp\/v2\/media?parent=285"}],"wp:term":[{"taxonomy":"category","embeddable":true,"href":"https:\/\/lacittafutura.net\/ermesdrigo\/wp-json\/wp\/v2\/categories?post=285"},{"taxonomy":"post_tag","embeddable":true,"href":"https:\/\/lacittafutura.net\/ermesdrigo\/wp-json\/wp\/v2\/tags?post=285"}],"curies":[{"name":"wp","href":"https:\/\/api.w.org\/{rel}","templated":true}]}}