{"id":899,"date":"2011-02-03T11:19:43","date_gmt":"2011-02-03T11:19:43","guid":{"rendered":"http:\/\/lacittafutura.net\/adrianozanon\/?p=899"},"modified":"2011-02-03T11:19:43","modified_gmt":"2011-02-03T11:19:43","slug":"la-tav-tra-arlecchino-e-brighella","status":"publish","type":"post","link":"https:\/\/lacittafutura.net\/adrianozanon\/2011\/02\/03\/la-tav-tra-arlecchino-e-brighella\/","title":{"rendered":"La Tav tra Arlecchino e Brighella"},"content":{"rendered":"<p>&#8220;Scontro e accordo Chisso-Zaccariotto: si allungano i tempi per modificare il progetto&#8221;: cos\u00ec scrive <a title=\"La Nuova Venezia del 3 febbraio 2010, pag. 43\" href=\"http:\/\/nuovavenezia.gelocal.it\/cronaca\/2011\/02\/03\/news\/la-provincia-demolisce-il-tracciato-basso-3345092\">oggi <\/a><em>La Nuova Venezia<\/em> nella cronaca dell&#8217;incontro di ieri in Provincia. Ma guardate la scenetta:<\/p>\n<h5>\u00abMa io me ne frego &#8211; dice Chisso &#8211; perch\u00e9 senza il parere della Regione questo progetto non pu\u00f2 andare avanti, quindi o va bene cos\u00ec, o ce ne freghiamo: dobbiamo prenderci tutto il tempo necessario per discutere il progetto con i sindaci\u00bb. La Zaccariotto non si fida e, anche se in molti compresa la Provincia chiedono una proroga, la legge dice il 19. \u00abVoglio una garanzia nero su bianco\u00bb, dice la presidente. Detto fatto. Stammattina la Regione inviter\u00e0 a Rfi una lettera per forzare i tempi, contestando alcune mancanze nella presentazione del progetto. Il botta e risposta si conclude con una stretta di mano virtuale: Provincia, Regione e Comuni non rispetteranno il limite del 19 febbraio, prendendosi pi\u00f9 tempo per valutare il progetto.<\/h5>\n<p>E&#8217; chiaro che siamo a carnevale ed a Venezia la tradizione va rispettata, a costo di rubarsi continuamente i ruoli. Non si capisce infatti chi \u00e8 Arlecchino e chi \u00e8 <a title=\"Brighella da Wikipedia\" href=\"http:\/\/it.wikipedia.org\/wiki\/Brighella\">Brighella<\/a>.<\/p>\n","protected":false},"excerpt":{"rendered":"<p>&#8220;Scontro e accordo Chisso-Zaccariotto: si allungano i tempi per modificare il progetto&#8221;: cos\u00ec scrive oggi La Nuova Venezia nella cronaca dell&#8217;incontro di ieri in Provincia. Ma guardate la scenetta: \u00abMa io me ne frego &#8211; dice Chisso &#8211; perch\u00e9 senza &hellip; <a href=\"https:\/\/lacittafutura.net\/adrianozanon\/2011\/02\/03\/la-tav-tra-arlecchino-e-brighella\/\">Continua a leggere<span class=\"meta-nav\">&rarr;<\/span><\/a><\/p>\n","protected":false},"author":6,"featured_media":0,"comment_status":"open","ping_status":"open","sticky":false,"template":"","format":"standard","meta":{"footnotes":""},"categories":[9,11],"tags":[37],"class_list":["post-899","post","type-post","status-publish","format-standard","hentry","category-eco-lo","category-pol","tag-tav"],"_links":{"self":[{"href":"https:\/\/lacittafutura.net\/adrianozanon\/wp-json\/wp\/v2\/posts\/899","targetHints":{"allow":["GET"]}}],"collection":[{"href":"https:\/\/lacittafutura.net\/adrianozanon\/wp-json\/wp\/v2\/posts"}],"about":[{"href":"https:\/\/lacittafutura.net\/adrianozanon\/wp-json\/wp\/v2\/types\/post"}],"author":[{"embeddable":true,"href":"https:\/\/lacittafutura.net\/adrianozanon\/wp-json\/wp\/v2\/users\/6"}],"replies":[{"embeddable":true,"href":"https:\/\/lacittafutura.net\/adrianozanon\/wp-json\/wp\/v2\/comments?post=899"}],"version-history":[{"count":7,"href":"https:\/\/lacittafutura.net\/adrianozanon\/wp-json\/wp\/v2\/posts\/899\/revisions"}],"predecessor-version":[{"id":906,"href":"https:\/\/lacittafutura.net\/adrianozanon\/wp-json\/wp\/v2\/posts\/899\/revisions\/906"}],"wp:attachment":[{"href":"https:\/\/lacittafutura.net\/adrianozanon\/wp-json\/wp\/v2\/media?parent=899"}],"wp:term":[{"taxonomy":"category","embeddable":true,"href":"https:\/\/lacittafutura.net\/adrianozanon\/wp-json\/wp\/v2\/categories?post=899"},{"taxonomy":"post_tag","embeddable":true,"href":"https:\/\/lacittafutura.net\/adrianozanon\/wp-json\/wp\/v2\/tags?post=899"}],"curies":[{"name":"wp","href":"https:\/\/api.w.org\/{rel}","templated":true}]}}