{"id":827,"date":"2011-01-27T10:46:51","date_gmt":"2011-01-27T10:46:51","guid":{"rendered":"http:\/\/lacittafutura.net\/adrianozanon\/?p=827"},"modified":"2011-02-10T11:51:33","modified_gmt":"2011-02-10T11:51:33","slug":"tav-antologia-1","status":"publish","type":"post","link":"https:\/\/lacittafutura.net\/adrianozanon\/2011\/01\/27\/tav-antologia-1\/","title":{"rendered":"Tav (antologia, 1)"},"content":{"rendered":"<p><strong>Ivo Simonella<\/strong>, assessore all&#8217;ambiente ed alla mobilit\u00e0, <a title=\"Ivo Simonella sulla Tav in Consiglio comunale il 29 novembre 2010\" href=\"http:\/\/lacittafutura.net\/blog\/2010\/11\/30\/tavtac-ricadute-ambientali-e-sociali\/\">intervento<\/a>\u00a0al Consiglio comunale di Portogruaro del <strong>29 novembre 2010<\/strong>:<\/p>\n<h5>&#8220;Per sgomberare ogni dubbio, dico subito che per quanto non siano disponibili ancora progetti precisi sul tratto di nuova linea ferroviaria di cui parliamo, il suo impatto ambientale sar\u00e0 in ogni caso elevatissimo, cos\u00ec come elevatissimo sar\u00e0 l\u2019impatto sociale sulle comunit\u00e0 che verranno attraversate.&#8221;<\/h5>\n<p><strong>Patrizia Daneluzzo<\/strong>, capogruppo rossoverde, <a title=\"Patrizia Daneluzzo sulla Tav in Consiglio comunale il 29 novembre 2010\" href=\"http:\/\/lacittafutura.net\/blog\/2010\/12\/01\/tavtac-opportunita%e2%80%99-o-minaccia\/\">intervento<\/a>\u00a0al Consiglio comunale di Portogruaro del <strong>29 novembre 2010<\/strong>:<\/p>\n<h5>&#8220;Voglio ribadire il fatto che, secondo noi, ovunque passi, il tracciato della TAV avr\u00e0 comunque un impatto rilevantissimo sull\u2019assetto ambientale, paesaggistico e, in alcuni casi, anche sociale del nostro territorio, soprattutto per le comunit\u00e0 pi\u00f9 direttamente interessate dall\u2019attuale ipotesi di tracciato: Lison, Pradipozzo, Summaga, San Nicol\u00f2, Portovecchio.&#8221;<\/h5>\n<p><strong>Pietro Rambuschi<\/strong>, consigliere Pdl ed ex funzionario di Trenitalia, come scrive oggi <strong>27 gennaio 2011<\/strong> <em>la Nuova Venezia <\/em>(pag. 35), &#8220;ha fatto un intervento molto critico&#8221; sul progetto preliminare presentato:\u00a0<\/p>\n<h5>\u00abQuesto tracciato uccide il territorio, e noi siamo tutti responsabili, i posteri ce ne renderanno conto.\u00bb<\/h5>\n","protected":false},"excerpt":{"rendered":"<p>Ivo Simonella, assessore all&#8217;ambiente ed alla mobilit\u00e0, intervento\u00a0al Consiglio comunale di Portogruaro del 29 novembre 2010: &#8220;Per sgomberare ogni dubbio, dico subito che per quanto non siano disponibili ancora progetti precisi sul tratto di nuova linea ferroviaria di cui parliamo, &hellip; <a href=\"https:\/\/lacittafutura.net\/adrianozanon\/2011\/01\/27\/tav-antologia-1\/\">Continua a leggere<span class=\"meta-nav\">&rarr;<\/span><\/a><\/p>\n","protected":false},"author":6,"featured_media":0,"comment_status":"open","ping_status":"open","sticky":false,"template":"","format":"standard","meta":{"footnotes":""},"categories":[9,10],"tags":[37],"class_list":["post-827","post","type-post","status-publish","format-standard","hentry","category-eco-lo","category-eco-no","tag-tav"],"_links":{"self":[{"href":"https:\/\/lacittafutura.net\/adrianozanon\/wp-json\/wp\/v2\/posts\/827","targetHints":{"allow":["GET"]}}],"collection":[{"href":"https:\/\/lacittafutura.net\/adrianozanon\/wp-json\/wp\/v2\/posts"}],"about":[{"href":"https:\/\/lacittafutura.net\/adrianozanon\/wp-json\/wp\/v2\/types\/post"}],"author":[{"embeddable":true,"href":"https:\/\/lacittafutura.net\/adrianozanon\/wp-json\/wp\/v2\/users\/6"}],"replies":[{"embeddable":true,"href":"https:\/\/lacittafutura.net\/adrianozanon\/wp-json\/wp\/v2\/comments?post=827"}],"version-history":[{"count":9,"href":"https:\/\/lacittafutura.net\/adrianozanon\/wp-json\/wp\/v2\/posts\/827\/revisions"}],"predecessor-version":[{"id":836,"href":"https:\/\/lacittafutura.net\/adrianozanon\/wp-json\/wp\/v2\/posts\/827\/revisions\/836"}],"wp:attachment":[{"href":"https:\/\/lacittafutura.net\/adrianozanon\/wp-json\/wp\/v2\/media?parent=827"}],"wp:term":[{"taxonomy":"category","embeddable":true,"href":"https:\/\/lacittafutura.net\/adrianozanon\/wp-json\/wp\/v2\/categories?post=827"},{"taxonomy":"post_tag","embeddable":true,"href":"https:\/\/lacittafutura.net\/adrianozanon\/wp-json\/wp\/v2\/tags?post=827"}],"curies":[{"name":"wp","href":"https:\/\/api.w.org\/{rel}","templated":true}]}}