{"id":7716,"date":"2013-12-11T13:34:25","date_gmt":"2013-12-11T13:34:25","guid":{"rendered":"http:\/\/lacittafutura.net\/adrianozanon\/?p=7716"},"modified":"2013-12-14T13:53:01","modified_gmt":"2013-12-14T13:53:01","slug":"leredita-di-nelson-mandela","status":"publish","type":"post","link":"https:\/\/lacittafutura.net\/adrianozanon\/2013\/12\/11\/leredita-di-nelson-mandela\/","title":{"rendered":"Nelson Mandela 1918-2013"},"content":{"rendered":"<p><a href=\"http:\/\/lacittafutura.net\/adrianozanon\/files\/2013\/12\/20131211_nelson_mandela_1918_2013.jpg\"><img loading=\"lazy\" decoding=\"async\" src=\"http:\/\/lacittafutura.net\/adrianozanon\/files\/2013\/12\/20131211_nelson_mandela_1918_2013-300x237.jpg\" alt=\"\" title=\"Nelson Mandela (1918-2013)\" width=\"300\" height=\"237\" class=\"alignleft size-medium wp-image-7717\" srcset=\"https:\/\/lacittafutura.net\/adrianozanon\/files\/2013\/12\/20131211_nelson_mandela_1918_2013-300x237.jpg 300w, https:\/\/lacittafutura.net\/adrianozanon\/files\/2013\/12\/20131211_nelson_mandela_1918_2013.jpg 960w\" sizes=\"auto, (max-width: 300px) 100vw, 300px\" \/><\/a><\/p>\n<p>Ieri il discorso pi\u00f9 applaudito alla cerimonia per salutare Nelson Mandela \u00e8 stato naturalmente <a href=\"http:\/\/ricerca.repubblica.it\/repubblica\/archivio\/repubblica\/2013\/12\/11\/il-mio-madiba-lincoln-dellafrica.html?ref=search\">quello<\/a> di Barack Obama che in molti passaggi non ha nascosto di parlare di un grande lottatore, anzi, ma ad un certo punto ha sostanzialmente spostato l&#8217;attenzione affermando  che &#8220;Mandela ci ha insegnato il potere dell&#8217;azione, ma anche delle idee&#8221;. <\/p>\n<p>In realt\u00e0 la <a href=\"https:\/\/it.wikipedia.org\/wiki\/Nelson_Mandela\">biografia<\/a> di Mandela \u00e8 la biografia del Novecento, almeno nella sua seconda parte. Occultare la sua formazione marxista, la sua attivit\u00e0 come organizzatore della lotta armata, il suo schierarsi con personaggi come Fidel Castro o Gheddafi, etc.,  non ci aiuta certamente a capire n\u00e9 lui n\u00e9 il mondo attuale. Trasformare un combattente in un idealista non sarebbe certo una novit\u00e0 storica, ci sono passati di l\u00ec quasi tutti i personaggi che rimangono un mito, ma con Mandela  &#8211; che non \u00e8 n\u00e9 morto in carcere n\u00e9 stato assassinato &#8211; sarebbe un&#8217;operazione veramente difficile. <\/p>\n<p>Certo da questo africano ci torna ancora rinnovato un messaggio sul fondamento dell&#8217;individuo e della societ\u00e0: si \u00e8 liberi &#8211; anche in carcere &#8211; se si \u00e8 <em>legati<\/em> alla propria comunit\u00e0, alla propria gente, al proprio paese, non se si \u00e8 a piede libero ma si accettano le ingiustizie, il dominio, la schiavit\u00f9, n\u00e9 di pochi n\u00e9 di tanti. (Poi anche per questi, se vinci sarai un eroe, se perdi sarai un martire della libert\u00e0.) Si \u00e8 liberi e non schiavi se si \u00e8 liberi <em>dentro<\/em>.<\/p>\n","protected":false},"excerpt":{"rendered":"<p>Ieri il discorso pi\u00f9 applaudito alla cerimonia per salutare Nelson Mandela \u00e8 stato naturalmente quello di Barack Obama che in molti passaggi non ha nascosto di parlare di un grande lottatore, anzi, ma ad un certo punto ha sostanzialmente spostato &hellip; <a href=\"https:\/\/lacittafutura.net\/adrianozanon\/2013\/12\/11\/leredita-di-nelson-mandela\/\">Continua a leggere<span class=\"meta-nav\">&rarr;<\/span><\/a><\/p>\n","protected":false},"author":6,"featured_media":0,"comment_status":"open","ping_status":"open","sticky":false,"template":"","format":"standard","meta":{"footnotes":""},"categories":[156,11,54],"tags":[31],"class_list":["post-7716","post","type-post","status-publish","format-standard","hentry","category-cultura","category-pol","category-storia","tag-diritti"],"_links":{"self":[{"href":"https:\/\/lacittafutura.net\/adrianozanon\/wp-json\/wp\/v2\/posts\/7716","targetHints":{"allow":["GET"]}}],"collection":[{"href":"https:\/\/lacittafutura.net\/adrianozanon\/wp-json\/wp\/v2\/posts"}],"about":[{"href":"https:\/\/lacittafutura.net\/adrianozanon\/wp-json\/wp\/v2\/types\/post"}],"author":[{"embeddable":true,"href":"https:\/\/lacittafutura.net\/adrianozanon\/wp-json\/wp\/v2\/users\/6"}],"replies":[{"embeddable":true,"href":"https:\/\/lacittafutura.net\/adrianozanon\/wp-json\/wp\/v2\/comments?post=7716"}],"version-history":[{"count":31,"href":"https:\/\/lacittafutura.net\/adrianozanon\/wp-json\/wp\/v2\/posts\/7716\/revisions"}],"predecessor-version":[{"id":7807,"href":"https:\/\/lacittafutura.net\/adrianozanon\/wp-json\/wp\/v2\/posts\/7716\/revisions\/7807"}],"wp:attachment":[{"href":"https:\/\/lacittafutura.net\/adrianozanon\/wp-json\/wp\/v2\/media?parent=7716"}],"wp:term":[{"taxonomy":"category","embeddable":true,"href":"https:\/\/lacittafutura.net\/adrianozanon\/wp-json\/wp\/v2\/categories?post=7716"},{"taxonomy":"post_tag","embeddable":true,"href":"https:\/\/lacittafutura.net\/adrianozanon\/wp-json\/wp\/v2\/tags?post=7716"}],"curies":[{"name":"wp","href":"https:\/\/api.w.org\/{rel}","templated":true}]}}