{"id":7317,"date":"2013-09-25T18:30:33","date_gmt":"2013-09-25T18:30:33","guid":{"rendered":"http:\/\/lacittafutura.net\/adrianozanon\/?p=7317"},"modified":"2013-09-25T12:36:07","modified_gmt":"2013-09-25T12:36:07","slug":"costituzione-la-via-maestra","status":"publish","type":"post","link":"https:\/\/lacittafutura.net\/adrianozanon\/2013\/09\/25\/costituzione-la-via-maestra\/","title":{"rendered":"12 ottobre: a Roma, per &#8220;La via maestra&#8221;"},"content":{"rendered":"<p><strong>La scena politica italiana si \u00e8 incartata<\/strong>, come si dice. E&#8217; rimasta senza possibilit\u00e0 di giochi alternativi. Cos\u00ec almeno sembra leggendo la cronaca. Prendiamo quanto pubblicato <a href=\"http:\/\/www.corriere.it\/politica\/13_settembre_25\/e-si-riapre-la-diplomazia-tra-colle-e-arcore-francesco-verderami_8007c9b2-25a1-11e3-baac-128ffcce9856.shtml\">oggi<\/a> da quello che viene definito, non senza ridicolo ossequio, un &#8220;quirinalista&#8221; importante, Marzio Breda sul <em>Corriere della Sera<\/em>. Riporto il nucleo centrale del problema:<\/p>\n<ol>\n(&#8230;) Insomma, i casi di un eventuale crac delle larghe intese potrebbero essere tanti, ma si riducono ad uno: il voto dell&#8217;Aula del Senato che estrometter\u00e0 il Cavaliere dal Parlamento. Quel giorno quale sar\u00e0 la reazione del Pdl?<\/p>\n<p>(&#8230;) Sarebbe questo il vero problema, se non ci fosse l&#8217;altro, che tiene appeso tutto e tutti. E mentre l&#8217;Italia perde con Telecom un altro pezzo di argenteria, mentre nel Pd va in scena il gioco dello scaricabarile sul modo in cui ai tempi del centrosinistra venne privatizzato il colosso telefonico, Berlusconi aspetta di sapere quale sar\u00e0 il suo destino. E intanto lavora a una grande convention per presentare i \u00abvolti nuovi\u00bb che sul territorio incarneranno la \u00abnuova Forza Italia\u00bb, e per rilanciarsi mediaticamente prepara un road show in giro per il Paese. Come se il 15 ottobre non dovesse accadergli nulla&#8230;<\/ol>\n<p>E&#8217; chiaro? Tra Quirinale, Parlamento, partiti, tutto gira attorno a come gestire una scadenza&#8230; il 15 ottobre.<\/p>\n<p><ins datetime=\"2013-09-25T09:12:31+00:00\">Ma prima del 15 c&#8217;\u00e8 il <strong>12 ottobre<\/strong>, quando ci sar\u00e0 la <strong>manifestazione a Roma <\/strong>promossa con l&#8217;<a href=\"http:\/\/www.costituzioneviamaestra.it\/l-appello.html\">appello<\/a> di Lorenza Carlassare, don Luigi Ciotti, Maurizio Landini, Stefano Rodot\u00e0 e Gustavo Zagrebelsky. <\/ins><\/p>\n<ol>\n<em>(Estratto)<\/em> <strong>La difesa della Costituzione \u00e8 dunque innanzitutto la promozione di un\u2019idea di societ\u00e0<\/strong>, divergente da quella di coloro che hanno operato finora tacitamente per svuotarla e, ora, operano per manometterla formalmente. \u00c8 un impegno, al tempo stesso, culturale e politico che richiede sia messa in chiaro la natura della posta in gioco e che si riuniscano quante pi\u00f9 forze \u00e8 possibile raggiungere e mobilitare. Non \u00e8 la difesa d\u2019un passato che non pu\u00f2 ritornare, ma <strong>un programma per un futuro da costruire<\/strong> in Italia e in Europa.<\/ol>\n<p><ins datetime=\"2013-09-25T09:28:03+00:00\">Questa, per ora, \u00e8 la scadenza pi\u00f9 importante. <\/ins><\/p>\n","protected":false},"excerpt":{"rendered":"<p>La scena politica italiana si \u00e8 incartata, come si dice. E&#8217; rimasta senza possibilit\u00e0 di giochi alternativi. Cos\u00ec almeno sembra leggendo la cronaca. Prendiamo quanto pubblicato oggi da quello che viene definito, non senza ridicolo ossequio, un &#8220;quirinalista&#8221; importante, Marzio &hellip; <a href=\"https:\/\/lacittafutura.net\/adrianozanon\/2013\/09\/25\/costituzione-la-via-maestra\/\">Continua a leggere<span class=\"meta-nav\">&rarr;<\/span><\/a><\/p>\n","protected":false},"author":6,"featured_media":0,"comment_status":"open","ping_status":"open","sticky":false,"template":"","format":"standard","meta":{"footnotes":""},"categories":[11],"tags":[160],"class_list":["post-7317","post","type-post","status-publish","format-standard","hentry","category-pol","tag-costituzione"],"_links":{"self":[{"href":"https:\/\/lacittafutura.net\/adrianozanon\/wp-json\/wp\/v2\/posts\/7317","targetHints":{"allow":["GET"]}}],"collection":[{"href":"https:\/\/lacittafutura.net\/adrianozanon\/wp-json\/wp\/v2\/posts"}],"about":[{"href":"https:\/\/lacittafutura.net\/adrianozanon\/wp-json\/wp\/v2\/types\/post"}],"author":[{"embeddable":true,"href":"https:\/\/lacittafutura.net\/adrianozanon\/wp-json\/wp\/v2\/users\/6"}],"replies":[{"embeddable":true,"href":"https:\/\/lacittafutura.net\/adrianozanon\/wp-json\/wp\/v2\/comments?post=7317"}],"version-history":[{"count":30,"href":"https:\/\/lacittafutura.net\/adrianozanon\/wp-json\/wp\/v2\/posts\/7317\/revisions"}],"predecessor-version":[{"id":7349,"href":"https:\/\/lacittafutura.net\/adrianozanon\/wp-json\/wp\/v2\/posts\/7317\/revisions\/7349"}],"wp:attachment":[{"href":"https:\/\/lacittafutura.net\/adrianozanon\/wp-json\/wp\/v2\/media?parent=7317"}],"wp:term":[{"taxonomy":"category","embeddable":true,"href":"https:\/\/lacittafutura.net\/adrianozanon\/wp-json\/wp\/v2\/categories?post=7317"},{"taxonomy":"post_tag","embeddable":true,"href":"https:\/\/lacittafutura.net\/adrianozanon\/wp-json\/wp\/v2\/tags?post=7317"}],"curies":[{"name":"wp","href":"https:\/\/api.w.org\/{rel}","templated":true}]}}