{"id":7206,"date":"2013-08-09T16:05:19","date_gmt":"2013-08-09T16:05:19","guid":{"rendered":"http:\/\/lacittafutura.net\/adrianozanon\/?p=7206"},"modified":"2014-02-20T16:31:54","modified_gmt":"2014-02-20T16:31:54","slug":"grandi-navi","status":"publish","type":"post","link":"https:\/\/lacittafutura.net\/adrianozanon\/2013\/08\/09\/grandi-navi\/","title":{"rendered":"Grandi navi"},"content":{"rendered":"<p><a href=\"http:\/\/lacittafutura.net\/adrianozanon\/files\/2013\/08\/20130809_foto_di_berengo_gardin.jpg\"><img loading=\"lazy\" decoding=\"async\" src=\"http:\/\/lacittafutura.net\/adrianozanon\/files\/2013\/08\/20130809_foto_di_berengo_gardin.jpg\" alt=\"\" title=\"Foto di Berengo Gardin\" width=\"660\" height=\"424\" class=\"alignleft size-full wp-image-7207\" srcset=\"https:\/\/lacittafutura.net\/adrianozanon\/files\/2013\/08\/20130809_foto_di_berengo_gardin.jpg 660w, https:\/\/lacittafutura.net\/adrianozanon\/files\/2013\/08\/20130809_foto_di_berengo_gardin-300x192.jpg 300w\" sizes=\"auto, (max-width: 660px) 100vw, 660px\" \/><\/a><\/p>\n<p>(<a href=\"http:\/\/nuovavenezia.gelocal.it\/foto-e-video\/2013\/06\/08\/fotogalleria\/il-reportage-di-berengo-gardin-ecco-i-mostri-che-sfregiano-venezia-1.7220854\">Foto<\/a> di Berengo Gardin)<\/p>\n<p>Anche oggi e chiss\u00e0 ancora per quanto tempo il tema delle grandi navi in transito sul canale della Giudecca \u00e8 al centro dei giornali locali e non solo. (Per chi volesse seguire la discussione c&#8217;\u00e8 il <a href=\"http:\/\/nuovavenezia.gelocal.it\/ricerca?tags=grandi+navi\">tag<\/a> su <em>la Nuova Venezia<\/em>.)<\/p>\n<p>Ma questa non \u00e8 una storia speciale. E&#8217; una tipica storia italiana. Vedi l&#8217;Ilva a Taranto. <\/p>\n<p>C&#8217;\u00e8 chi fa affari mentre fa un danno certo anche se lento e progressivo e rischia ogni giorno di provocare una catastrofe. C&#8217;\u00e8 chi ha progettato tutto ci\u00f2 e ha avuto i permessi per realizzarlo. C&#8217;\u00e8 chi lo ha permesso per molto tempo e dice di non volerlo pi\u00f9. C&#8217;\u00e8 chi lo permette oggi e dice che non dipende da lui. C&#8217;\u00e8 chi dice che non farlo \u00e8 un grave danno per la citt\u00e0 e l&#8217;area tutta. C&#8217;\u00e8 chi s&#8217;incazza ma non viene neanche preso in considerazione, se non viene anche denunciato per manifestazioni di protesta. L&#8217;unica cosa strana \u00e8 che non sia ancora intervenuta la magistratura. <\/p>\n<p>Anzi, la foto della grande nave in canale che nessuno pu\u00f2 dirottare o fermare \u00e8 proprio una sintesi dell&#8217;Italia di oggi. Ma cos\u00ec non pu\u00f2 durare.<\/p>\n","protected":false},"excerpt":{"rendered":"<p>(Foto di Berengo Gardin) Anche oggi e chiss\u00e0 ancora per quanto tempo il tema delle grandi navi in transito sul canale della Giudecca \u00e8 al centro dei giornali locali e non solo. (Per chi volesse seguire la discussione c&#8217;\u00e8 il &hellip; <a href=\"https:\/\/lacittafutura.net\/adrianozanon\/2013\/08\/09\/grandi-navi\/\">Continua a leggere<span class=\"meta-nav\">&rarr;<\/span><\/a><\/p>\n","protected":false},"author":6,"featured_media":0,"comment_status":"open","ping_status":"open","sticky":false,"template":"","format":"standard","meta":{"footnotes":""},"categories":[9],"tags":[174],"class_list":["post-7206","post","type-post","status-publish","format-standard","hentry","category-eco-lo","tag-venezia"],"_links":{"self":[{"href":"https:\/\/lacittafutura.net\/adrianozanon\/wp-json\/wp\/v2\/posts\/7206","targetHints":{"allow":["GET"]}}],"collection":[{"href":"https:\/\/lacittafutura.net\/adrianozanon\/wp-json\/wp\/v2\/posts"}],"about":[{"href":"https:\/\/lacittafutura.net\/adrianozanon\/wp-json\/wp\/v2\/types\/post"}],"author":[{"embeddable":true,"href":"https:\/\/lacittafutura.net\/adrianozanon\/wp-json\/wp\/v2\/users\/6"}],"replies":[{"embeddable":true,"href":"https:\/\/lacittafutura.net\/adrianozanon\/wp-json\/wp\/v2\/comments?post=7206"}],"version-history":[{"count":15,"href":"https:\/\/lacittafutura.net\/adrianozanon\/wp-json\/wp\/v2\/posts\/7206\/revisions"}],"predecessor-version":[{"id":8595,"href":"https:\/\/lacittafutura.net\/adrianozanon\/wp-json\/wp\/v2\/posts\/7206\/revisions\/8595"}],"wp:attachment":[{"href":"https:\/\/lacittafutura.net\/adrianozanon\/wp-json\/wp\/v2\/media?parent=7206"}],"wp:term":[{"taxonomy":"category","embeddable":true,"href":"https:\/\/lacittafutura.net\/adrianozanon\/wp-json\/wp\/v2\/categories?post=7206"},{"taxonomy":"post_tag","embeddable":true,"href":"https:\/\/lacittafutura.net\/adrianozanon\/wp-json\/wp\/v2\/tags?post=7206"}],"curies":[{"name":"wp","href":"https:\/\/api.w.org\/{rel}","templated":true}]}}