{"id":6980,"date":"2013-07-17T09:05:37","date_gmt":"2013-07-17T09:05:37","guid":{"rendered":"http:\/\/lacittafutura.net\/adrianozanon\/?p=6980"},"modified":"2013-07-23T21:24:26","modified_gmt":"2013-07-23T21:24:26","slug":"porto-delle-nebbie","status":"publish","type":"post","link":"https:\/\/lacittafutura.net\/adrianozanon\/2013\/07\/17\/porto-delle-nebbie\/","title":{"rendered":"Porto delle nebbie"},"content":{"rendered":"<p><strong>Su <em>la Nuova Venezia<\/em> di oggi, ci sono quattro note su Portogruaro.<\/strong><\/p>\n<p>La prima e pi\u00f9 evidente (p. 29) titola: &#8220;Il Pat spacca Portogruaro&#8221;. Riporta l&#8217;esito della votazione finale sul Pat, peraltro gi\u00e0 adottato, dopo le 56 osservazioni dei cittadini e delle associazioni. La novit\u00e0 per\u00f2 il giornalista Gian Piero del Gallo non la coglie sui contenuti ma sui nuovi schieramenti che si vanno consolidando. Infatti, il consigliere Artino Inaria ha votato contro, assieme alla minoranza, mentre Cristian Moro e Giorgio Barro si sono astenuti. Risultato 9 favorevoli, 9 contrari, 2 astenuti. Come dire: la maggioranza non c&#8217;\u00e8 pi\u00f9.<\/p>\n<p>La seconda (idem) riporta l&#8217;esito della Conferenza dei Sindaci per la Sanit\u00e0. Il presidente Andrea Tamai ha ricevuto all&#8217;unanimit\u00e0 (ma chi c&#8217;era?) l&#8217;incarico a trattare con la Regione per la costruzione dell&#8217;ospedale unico.  Grande \u00e8 la soddisfazione espressa dal neo direttore generale dell&#8217;Asl 10, Carlo Bramezza, che pare muoversi come un rullo compressore che non trova ostacoli.<\/p>\n<p>La terza (idem, accanto a quella precedente) \u00e8 la nota sulla &#8220;grande attesa in centro storico&#8221; per la quarta serata di Citt\u00e0 Viva, i mercoled\u00ec musicali che raccolgono veramente tanta gente, che arriva con tante biciclette e (aggiungo) anche tanti cani.<\/p>\n<p>La quarta nota \u00e8 la notizia (p.36) sull&#8217;esclusione della squadra di calcio di Portogruaro dalla Lega professionistica. Nonostante l&#8217;iniziativa dell&#8217;associazione &#8220;Io Portogruaro&#8221;, promossa dagli imprenditori Francesco Chesi e Antonio Tarl\u00e0, non sono arrivati altri soldi dalla banca (mai nominata) o garanzie da altri imprenditori, necessari e sufficienti all&#8217;iscrizione. <\/p>\n<p>Insomma, tre notizie negative, almeno per me. Porto sta ripiegando nel momento di affrontare con decisione il momento pi\u00f9 difficile della crisi generale del Paese. Niente di definitivo per\u00f2, su tutto si pu\u00f2 ancora rimediare. E come auspicio speriamo almeno che stasera al Mercoled\u00ec Musicale il tempo sia clemente. <\/p>\n","protected":false},"excerpt":{"rendered":"<p>Su la Nuova Venezia di oggi, ci sono quattro note su Portogruaro. La prima e pi\u00f9 evidente (p. 29) titola: &#8220;Il Pat spacca Portogruaro&#8221;. Riporta l&#8217;esito della votazione finale sul Pat, peraltro gi\u00e0 adottato, dopo le 56 osservazioni dei cittadini &hellip; <a href=\"https:\/\/lacittafutura.net\/adrianozanon\/2013\/07\/17\/porto-delle-nebbie\/\">Continua a leggere<span class=\"meta-nav\">&rarr;<\/span><\/a><\/p>\n","protected":false},"author":6,"featured_media":0,"comment_status":"open","ping_status":"open","sticky":false,"template":"","format":"standard","meta":{"footnotes":""},"categories":[11,131],"tags":[155],"class_list":["post-6980","post","type-post","status-publish","format-standard","hentry","category-pol","category-societa","tag-portogruaro"],"_links":{"self":[{"href":"https:\/\/lacittafutura.net\/adrianozanon\/wp-json\/wp\/v2\/posts\/6980","targetHints":{"allow":["GET"]}}],"collection":[{"href":"https:\/\/lacittafutura.net\/adrianozanon\/wp-json\/wp\/v2\/posts"}],"about":[{"href":"https:\/\/lacittafutura.net\/adrianozanon\/wp-json\/wp\/v2\/types\/post"}],"author":[{"embeddable":true,"href":"https:\/\/lacittafutura.net\/adrianozanon\/wp-json\/wp\/v2\/users\/6"}],"replies":[{"embeddable":true,"href":"https:\/\/lacittafutura.net\/adrianozanon\/wp-json\/wp\/v2\/comments?post=6980"}],"version-history":[{"count":12,"href":"https:\/\/lacittafutura.net\/adrianozanon\/wp-json\/wp\/v2\/posts\/6980\/revisions"}],"predecessor-version":[{"id":7058,"href":"https:\/\/lacittafutura.net\/adrianozanon\/wp-json\/wp\/v2\/posts\/6980\/revisions\/7058"}],"wp:attachment":[{"href":"https:\/\/lacittafutura.net\/adrianozanon\/wp-json\/wp\/v2\/media?parent=6980"}],"wp:term":[{"taxonomy":"category","embeddable":true,"href":"https:\/\/lacittafutura.net\/adrianozanon\/wp-json\/wp\/v2\/categories?post=6980"},{"taxonomy":"post_tag","embeddable":true,"href":"https:\/\/lacittafutura.net\/adrianozanon\/wp-json\/wp\/v2\/tags?post=6980"}],"curies":[{"name":"wp","href":"https:\/\/api.w.org\/{rel}","templated":true}]}}