{"id":6950,"date":"2014-06-03T06:44:31","date_gmt":"2014-06-03T06:44:31","guid":{"rendered":"http:\/\/lacittafutura.net\/adrianozanon\/?p=6950"},"modified":"2015-02-12T16:51:49","modified_gmt":"2015-02-12T16:51:49","slug":"franz-kafka-90-anni-dopo","status":"publish","type":"post","link":"https:\/\/lacittafutura.net\/adrianozanon\/2014\/06\/03\/franz-kafka-90-anni-dopo\/","title":{"rendered":"Franz Kafka (e il suo cane), 90 anni dopo"},"content":{"rendered":"<p><a href=\"http:\/\/lacittafutura.net\/adrianozanon\/files\/2013\/07\/20130715_kafka_e_il_suo_cane.jpg\"><img loading=\"lazy\" decoding=\"async\" title=\"Kafka e il suo cane\" width=\"580\" alt=\"\" class=\"alignleft size-full wp-image-6966\" height=\"644\" src=\"http:\/\/lacittafutura.net\/adrianozanon\/files\/2013\/07\/20130715_kafka_e_il_suo_cane.jpg\" srcset=\"https:\/\/lacittafutura.net\/adrianozanon\/files\/2013\/07\/20130715_kafka_e_il_suo_cane.jpg 580w, https:\/\/lacittafutura.net\/adrianozanon\/files\/2013\/07\/20130715_kafka_e_il_suo_cane-270x300.jpg 270w\" sizes=\"auto, (max-width: 580px) 100vw, 580px\" \/><\/a><\/p>\n<p>Quante volte non abbiamo visto questa foto di <a href=\"https:\/\/it.wikipedia.org\/wiki\/Franz_Kafka\">Franz Kafka <\/a>(3 luglio 1883 &#8211; 3 giugno 1924)? Ma quanti hanno notato o sapevano che nella foto c&#8217;\u00e8 anche un suo cane? Pochi, anche perch\u00e9 il cane \u00e8 accarezzato ma sfocato e la foto viene perlopi\u00f9 tagliata.<\/p>\n<p>Eppure la <a href=\"http:\/\/bauschan.wordpress.com\/\">letteratura<\/a> \u00e8 piena densa di storie e di rapporti tra gli autori ed i loro cani. Ecco, oggi che ricorrono i novant&#8217;anni dalla morte di Franz Kafka, io lo ricordo cos\u00ec, con il suo cane. Ma non senza ricordare anche almeno il suo racconto in cui lui scrive come fosse un cane, &#8220;<a href=\"https:\/\/it.wikipedia.org\/wiki\/Indagini_di_un_cane\">Indagini di un cane<\/a>&#8220;, uno degli ultimi (1922) e quindi fra i pi\u00f9 &#8220;kafkiani&#8221;.<\/p>\n<h5 style=\"padding-left: 30px;\">&#8220;Probabilmente morir\u00f2 in silenzio, circondato dal silenzio, quasi pacificato, e a questa attesa vado incontro preparato. Noi cani abbiamo ricevuto quasi per cattiveria un cuore mirabilmente forte e dei polmoni che non si logorano anzitempo, resistiamo a tutte le domande, anche alle nostre, bastioni del silenzio quali siamo.&#8221;<\/h5>\n<h5 style=\"padding-left: 30px;\">(&#8220;Indagini di un cane&#8221;, tratto da Franz Kafka, <em>Romanzi<\/em>, trad. di Ervino Pocar, Meridiani Mondadori, Milano 1993)<\/h5>\n","protected":false},"excerpt":{"rendered":"<p>Quante volte non abbiamo visto questa foto di Franz Kafka (3 luglio 1883 &#8211; 3 giugno 1924)? Ma quanti hanno notato o sapevano che nella foto c&#8217;\u00e8 anche un suo cane? Pochi, anche perch\u00e9 il cane \u00e8 accarezzato ma sfocato &hellip; <a href=\"https:\/\/lacittafutura.net\/adrianozanon\/2014\/06\/03\/franz-kafka-90-anni-dopo\/\">Continua a leggere<span class=\"meta-nav\">&rarr;<\/span><\/a><\/p>\n","protected":false},"author":6,"featured_media":0,"comment_status":"open","ping_status":"open","sticky":false,"template":"","format":"standard","meta":{"footnotes":""},"categories":[156],"tags":[35],"class_list":["post-6950","post","type-post","status-publish","format-standard","hentry","category-cultura","tag-mem"],"_links":{"self":[{"href":"https:\/\/lacittafutura.net\/adrianozanon\/wp-json\/wp\/v2\/posts\/6950","targetHints":{"allow":["GET"]}}],"collection":[{"href":"https:\/\/lacittafutura.net\/adrianozanon\/wp-json\/wp\/v2\/posts"}],"about":[{"href":"https:\/\/lacittafutura.net\/adrianozanon\/wp-json\/wp\/v2\/types\/post"}],"author":[{"embeddable":true,"href":"https:\/\/lacittafutura.net\/adrianozanon\/wp-json\/wp\/v2\/users\/6"}],"replies":[{"embeddable":true,"href":"https:\/\/lacittafutura.net\/adrianozanon\/wp-json\/wp\/v2\/comments?post=6950"}],"version-history":[{"count":42,"href":"https:\/\/lacittafutura.net\/adrianozanon\/wp-json\/wp\/v2\/posts\/6950\/revisions"}],"predecessor-version":[{"id":10494,"href":"https:\/\/lacittafutura.net\/adrianozanon\/wp-json\/wp\/v2\/posts\/6950\/revisions\/10494"}],"wp:attachment":[{"href":"https:\/\/lacittafutura.net\/adrianozanon\/wp-json\/wp\/v2\/media?parent=6950"}],"wp:term":[{"taxonomy":"category","embeddable":true,"href":"https:\/\/lacittafutura.net\/adrianozanon\/wp-json\/wp\/v2\/categories?post=6950"},{"taxonomy":"post_tag","embeddable":true,"href":"https:\/\/lacittafutura.net\/adrianozanon\/wp-json\/wp\/v2\/tags?post=6950"}],"curies":[{"name":"wp","href":"https:\/\/api.w.org\/{rel}","templated":true}]}}