{"id":618,"date":"2011-01-13T12:59:09","date_gmt":"2011-01-13T12:59:09","guid":{"rendered":"http:\/\/lacittafutura.net\/adrianozanon\/?p=618"},"modified":"2013-05-13T10:17:52","modified_gmt":"2013-05-13T10:17:52","slug":"il-binomio","status":"publish","type":"post","link":"https:\/\/lacittafutura.net\/adrianozanon\/2011\/01\/13\/il-binomio\/","title":{"rendered":"Il binomio"},"content":{"rendered":"<p>\u00abGiovani,\u00a0combattete sempre per la libert\u00e0, per la pace, per la giustizia sociale. La libert\u00e0 senza giustizia sociale non \u00e8 che una conquista fragile, che per alcuni si risolve semplicemente nella libert\u00e0 di morire di fame. Libert\u00e0 e giustizia sociale sono un binomio inscindibile. Lottate con fermezza, giovani che mi ascoltate, e lo dico senza presunzione, ma come un compagno di strada, tanto mi sta a cuore la vostra sorte. Io star\u00f2 sempre al vostro fianco.\u00bb<\/p>\n<p><img loading=\"lazy\" decoding=\"async\" id=\"il_fi\" src=\"http:\/\/www.quirinale.it\/qrnw\/statico\/ex-presidenti\/pertini\/fotografie\/foto_gr\/6PERTINI87gr.jpg\" alt=\"\" width=\"368\" height=\"294\" \/><\/p>\n<p>Sandro Pertini,\u00a0Presidente della Repubblica italiana (dal discorso augurale 1983).<\/p>\n","protected":false},"excerpt":{"rendered":"<p>\u00abGiovani,\u00a0combattete sempre per la libert\u00e0, per la pace, per la giustizia sociale. La libert\u00e0 senza giustizia sociale non \u00e8 che una conquista fragile, che per alcuni si risolve semplicemente nella libert\u00e0 di morire di fame. Libert\u00e0 e giustizia sociale sono &hellip; <a href=\"https:\/\/lacittafutura.net\/adrianozanon\/2011\/01\/13\/il-binomio\/\">Continua a leggere<span class=\"meta-nav\">&rarr;<\/span><\/a><\/p>\n","protected":false},"author":6,"featured_media":0,"comment_status":"open","ping_status":"open","sticky":false,"template":"","format":"standard","meta":{"footnotes":""},"categories":[10,11],"tags":[31,41,5,65],"class_list":["post-618","post","type-post","status-publish","format-standard","hentry","category-eco-no","category-pol","tag-diritti","tag-giustizia-sociale","tag-lav","tag-liberta"],"_links":{"self":[{"href":"https:\/\/lacittafutura.net\/adrianozanon\/wp-json\/wp\/v2\/posts\/618","targetHints":{"allow":["GET"]}}],"collection":[{"href":"https:\/\/lacittafutura.net\/adrianozanon\/wp-json\/wp\/v2\/posts"}],"about":[{"href":"https:\/\/lacittafutura.net\/adrianozanon\/wp-json\/wp\/v2\/types\/post"}],"author":[{"embeddable":true,"href":"https:\/\/lacittafutura.net\/adrianozanon\/wp-json\/wp\/v2\/users\/6"}],"replies":[{"embeddable":true,"href":"https:\/\/lacittafutura.net\/adrianozanon\/wp-json\/wp\/v2\/comments?post=618"}],"version-history":[{"count":10,"href":"https:\/\/lacittafutura.net\/adrianozanon\/wp-json\/wp\/v2\/posts\/618\/revisions"}],"predecessor-version":[{"id":6518,"href":"https:\/\/lacittafutura.net\/adrianozanon\/wp-json\/wp\/v2\/posts\/618\/revisions\/6518"}],"wp:attachment":[{"href":"https:\/\/lacittafutura.net\/adrianozanon\/wp-json\/wp\/v2\/media?parent=618"}],"wp:term":[{"taxonomy":"category","embeddable":true,"href":"https:\/\/lacittafutura.net\/adrianozanon\/wp-json\/wp\/v2\/categories?post=618"},{"taxonomy":"post_tag","embeddable":true,"href":"https:\/\/lacittafutura.net\/adrianozanon\/wp-json\/wp\/v2\/tags?post=618"}],"curies":[{"name":"wp","href":"https:\/\/api.w.org\/{rel}","templated":true}]}}