{"id":5989,"date":"2013-03-14T21:29:45","date_gmt":"2013-03-14T21:29:45","guid":{"rendered":"http:\/\/lacittafutura.net\/adrianozanon\/?p=5989"},"modified":"2015-02-12T16:52:54","modified_gmt":"2015-02-12T16:52:54","slug":"130-anni-dopo-marx","status":"publish","type":"post","link":"https:\/\/lacittafutura.net\/adrianozanon\/2013\/03\/14\/130-anni-dopo-marx\/","title":{"rendered":"130 anni dopo Marx"},"content":{"rendered":"<p><strong>Centotrent\u2019anni fa, il 14 marzo 1883, a Londra moriva Karl Marx. <\/strong>Aveva 64 anni poich\u00e9 era nato a Treviri il 5 maggio 1818. <\/p>\n<p>Su di lui non sar\u00f2 certo io a scrivere qualcosa di nuovo, cos\u00ec lo voglio ricordare con poche parole scritte all&#8217;inizio e alla fine della sua opera.  <\/p>\n<p><a href=\"http:\/\/lacittafutura.net\/adrianozanon\/files\/2013\/03\/20130314_marx_giovane.jpg\"><img loading=\"lazy\" decoding=\"async\" src=\"http:\/\/lacittafutura.net\/adrianozanon\/files\/2013\/03\/20130314_marx_giovane-150x150.jpg\" alt=\"\" title=\"Marx giovane\" width=\"150\" height=\"150\" class=\"alignleft size-thumbnail wp-image-6060\" \/><\/a><\/p>\n<p><a href=\"http:\/\/lacittafutura.net\/adrianozanon\/files\/2013\/03\/20130314_marx_vecchio.jpg\"><img loading=\"lazy\" decoding=\"async\" src=\"http:\/\/lacittafutura.net\/adrianozanon\/files\/2013\/03\/20130314_marx_vecchio-150x150.jpg\" alt=\"\" title=\"Marx vecchio\" width=\"150\" height=\"150\" class=\"alignleft size-thumbnail wp-image-6061\" srcset=\"https:\/\/lacittafutura.net\/adrianozanon\/files\/2013\/03\/20130314_marx_vecchio-150x150.jpg 150w, https:\/\/lacittafutura.net\/adrianozanon\/files\/2013\/03\/20130314_marx_vecchio-300x300.jpg 300w, https:\/\/lacittafutura.net\/adrianozanon\/files\/2013\/03\/20130314_marx_vecchio.jpg 444w\" sizes=\"auto, (max-width: 150px) 100vw, 150px\" \/><\/a><\/p>\n<p>&#8220;La svalorizzazione del mondo umano cresce in rapporto diretto con la valorizzazione del mondo delle cose. Gli uomini non sono nulla, il prodotto \u00e8 tutto.&#8221; (<em>Manoscritti economico-filosofici  del 1844<\/em>)<\/p>\n<p>&#8220;Di fatto, il regno della libert\u00e0 comincia soltanto l\u00e0 dove cessa il lavoro determinato dalla necessit\u00e0 e dalla finalit\u00e0 esterna; si trova quindi per sua natura oltre la sfera della produzione materiale vera e propria. (&#8230;) Al di l\u00e0 di esso comincia lo sviluppo delle capacit\u00e0 umane, che \u00e8 fine a se stesso, il vero regno della libert\u00e0, che tuttavia pu\u00f2 fiorire soltanto sulle basi di quel regno della necessit\u00e0. Condizione fondamentale di tutto ci\u00f2 \u00e8 la riduzione della giornata lavorativa.&#8221; (<em>Il Capitale. Critica dell\u2019economia politica<\/em>, Libro III, cap. 48)<\/p>\n","protected":false},"excerpt":{"rendered":"<p>Centotrent\u2019anni fa, il 14 marzo 1883, a Londra moriva Karl Marx. Aveva 64 anni poich\u00e9 era nato a Treviri il 5 maggio 1818. Su di lui non sar\u00f2 certo io a scrivere qualcosa di nuovo, cos\u00ec lo voglio ricordare con &hellip; <a href=\"https:\/\/lacittafutura.net\/adrianozanon\/2013\/03\/14\/130-anni-dopo-marx\/\">Continua a leggere<span class=\"meta-nav\">&rarr;<\/span><\/a><\/p>\n","protected":false},"author":6,"featured_media":0,"comment_status":"open","ping_status":"open","sticky":false,"template":"","format":"standard","meta":{"footnotes":""},"categories":[12],"tags":[35],"class_list":["post-5989","post","type-post","status-publish","format-standard","hentry","category-critica","tag-mem"],"_links":{"self":[{"href":"https:\/\/lacittafutura.net\/adrianozanon\/wp-json\/wp\/v2\/posts\/5989","targetHints":{"allow":["GET"]}}],"collection":[{"href":"https:\/\/lacittafutura.net\/adrianozanon\/wp-json\/wp\/v2\/posts"}],"about":[{"href":"https:\/\/lacittafutura.net\/adrianozanon\/wp-json\/wp\/v2\/types\/post"}],"author":[{"embeddable":true,"href":"https:\/\/lacittafutura.net\/adrianozanon\/wp-json\/wp\/v2\/users\/6"}],"replies":[{"embeddable":true,"href":"https:\/\/lacittafutura.net\/adrianozanon\/wp-json\/wp\/v2\/comments?post=5989"}],"version-history":[{"count":74,"href":"https:\/\/lacittafutura.net\/adrianozanon\/wp-json\/wp\/v2\/posts\/5989\/revisions"}],"predecessor-version":[{"id":10495,"href":"https:\/\/lacittafutura.net\/adrianozanon\/wp-json\/wp\/v2\/posts\/5989\/revisions\/10495"}],"wp:attachment":[{"href":"https:\/\/lacittafutura.net\/adrianozanon\/wp-json\/wp\/v2\/media?parent=5989"}],"wp:term":[{"taxonomy":"category","embeddable":true,"href":"https:\/\/lacittafutura.net\/adrianozanon\/wp-json\/wp\/v2\/categories?post=5989"},{"taxonomy":"post_tag","embeddable":true,"href":"https:\/\/lacittafutura.net\/adrianozanon\/wp-json\/wp\/v2\/tags?post=5989"}],"curies":[{"name":"wp","href":"https:\/\/api.w.org\/{rel}","templated":true}]}}