{"id":581,"date":"2011-01-10T11:24:08","date_gmt":"2011-01-10T11:24:08","guid":{"rendered":"http:\/\/lacittafutura.net\/adrianozanon\/?p=581"},"modified":"2012-02-29T08:42:04","modified_gmt":"2012-02-29T08:42:04","slug":"meglio-la-terra-dei-soldi","status":"publish","type":"post","link":"https:\/\/lacittafutura.net\/adrianozanon\/2011\/01\/10\/meglio-la-terra-dei-soldi\/","title":{"rendered":"&#8220;Meglio la terra dei soldi&#8221;"},"content":{"rendered":"<p>&#8220;&#8230; cos\u00ec i contadini veneti dicono no al cemento.&#8221;<\/p>\n<p>E proprio cos\u00ec titola <em>La Repubblica<\/em> di <a href=\"http:\/\/www.repubblica.it\/ambiente\/2011\/01\/10\/news\/veneto_terra-11034859\/?ref=HREC2-2\">oggi<\/a>, a pagina 22, un articolo di Francesco Erbani che si pu\u00f2 leggere anche sul sito all&#8217;indirizzo indicato qui sotto.<\/p>\n<p>E&#8217; la storia di due famiglie, i Favaro di Morgano, un comune trevigiano, e i Caldato di Treviso. Sono alle prese con la volont\u00e0 delle rispettive amministrazioni comunali di cambiare la destinazione dei loro terreni da agricola ad edificabile, con tutti i vantaggi economici che sappiamo: il prezzo del terreno aumenterebbe infatti da cinque a dieci volte. Ma loro sono contadini e non ne vogliono sapere.<\/p>\n<p>\u00abRischiamo di perdere la nostra terra e la nostra libert\u00e0. Ma ancora preserviamo il nostro modo di pensare e di vivere. I <!-- fine TESTO -->soldi? Non possiamo portarceli dietro quando saremo morti\u00bb.<\/p>\n","protected":false},"excerpt":{"rendered":"<p>&#8220;&#8230; cos\u00ec i contadini veneti dicono no al cemento.&#8221; E proprio cos\u00ec titola La Repubblica di oggi, a pagina 22, un articolo di Francesco Erbani che si pu\u00f2 leggere anche sul sito all&#8217;indirizzo indicato qui sotto. E&#8217; la storia di &hellip; <a href=\"https:\/\/lacittafutura.net\/adrianozanon\/2011\/01\/10\/meglio-la-terra-dei-soldi\/\">Continua a leggere<span class=\"meta-nav\">&rarr;<\/span><\/a><\/p>\n","protected":false},"author":6,"featured_media":0,"comment_status":"open","ping_status":"open","sticky":false,"template":"","format":"standard","meta":{"footnotes":""},"categories":[12,9],"tags":[23,31,65],"class_list":["post-581","post","type-post","status-publish","format-standard","hentry","category-critica","category-eco-lo","tag-dec","tag-diritti","tag-liberta"],"_links":{"self":[{"href":"https:\/\/lacittafutura.net\/adrianozanon\/wp-json\/wp\/v2\/posts\/581","targetHints":{"allow":["GET"]}}],"collection":[{"href":"https:\/\/lacittafutura.net\/adrianozanon\/wp-json\/wp\/v2\/posts"}],"about":[{"href":"https:\/\/lacittafutura.net\/adrianozanon\/wp-json\/wp\/v2\/types\/post"}],"author":[{"embeddable":true,"href":"https:\/\/lacittafutura.net\/adrianozanon\/wp-json\/wp\/v2\/users\/6"}],"replies":[{"embeddable":true,"href":"https:\/\/lacittafutura.net\/adrianozanon\/wp-json\/wp\/v2\/comments?post=581"}],"version-history":[{"count":11,"href":"https:\/\/lacittafutura.net\/adrianozanon\/wp-json\/wp\/v2\/posts\/581\/revisions"}],"predecessor-version":[{"id":3288,"href":"https:\/\/lacittafutura.net\/adrianozanon\/wp-json\/wp\/v2\/posts\/581\/revisions\/3288"}],"wp:attachment":[{"href":"https:\/\/lacittafutura.net\/adrianozanon\/wp-json\/wp\/v2\/media?parent=581"}],"wp:term":[{"taxonomy":"category","embeddable":true,"href":"https:\/\/lacittafutura.net\/adrianozanon\/wp-json\/wp\/v2\/categories?post=581"},{"taxonomy":"post_tag","embeddable":true,"href":"https:\/\/lacittafutura.net\/adrianozanon\/wp-json\/wp\/v2\/tags?post=581"}],"curies":[{"name":"wp","href":"https:\/\/api.w.org\/{rel}","templated":true}]}}