{"id":5589,"date":"2013-02-18T18:16:34","date_gmt":"2013-02-18T18:16:34","guid":{"rendered":"http:\/\/lacittafutura.net\/adrianozanon\/?p=5589"},"modified":"2014-03-24T17:43:28","modified_gmt":"2014-03-24T17:43:28","slug":"elezioni-6-per-chi-voto","status":"publish","type":"post","link":"https:\/\/lacittafutura.net\/adrianozanon\/2013\/02\/18\/elezioni-6-per-chi-voto\/","title":{"rendered":"Elezioni (-6). Il mio voto a sinistra"},"content":{"rendered":"<p><strong>Ad una settimana scarsa dal voto, \u00e8 il momento di dire per chi voter\u00f2<\/strong>, anche se continuer\u00f2 in questi giorni a fare vecchie e nuove considerazioni.<\/p>\n<p>Approfitto di un <a href=\"http:\/\/temi.repubblica.it\/micromega-online\/pensieri-di-un-cittadino-perplesso-davanti-alle-elezioni\/\">testo<\/a> di Angelo d&#8217;Orsi, appena apparso su Micromega online, di cui riporto solo la parte finale, anche se mi riconosco quasi integralmente su tutto quanto \u00e8 scritto.<\/p>\n<h5 style=\"padding-left: 30px;\">E allora io cittadino perplesso, vagamente d\u00e9g\u00f4ut\u00e9, mi chiedo, tra me e me, mentre passeggiando sfoglio i giornali: possibile che non si possa pensare e praticare una politica nobile, coerente e, soprattutto, trasparente? Possibile che pur privilegiando, machiavellianamente, il principio dell\u2019efficacia come principio fondante l\u2019agire politico (\u00e8 buono ci\u00f2 che serve, serve naturalmente a conquistare il potere), non si possa tentare di conciliarlo con le istanze di partecipazione e democrazia che da tante parte negli ultimi decenni giungono dal basso? E, in tal senso, mi dico: se si vuole dare un messaggio di \u201cdiversit\u00e0\u201d i modi, le forme, le procedure, sono se non tutto, una parte eminente del messaggio stesso. E non le si consideri, altezzosamente, questioni di dettaglio: d\u2019altronde, come scrisse Peter Schneider, scrittore e intellettuale tedesco (\u201cdi sinistra\u201d), \u201ca furia di trascurare i dettagli si perdono di vista i princ\u00ecpi\u201d.<\/h5>\n<p>L&#8217;autore fa riferimento, \u00e8 chiaro dal testo integrale, alla formazione delle liste in Rivoluzione Civile, gi\u00e0 oggetto di questo blog. Personalmente avevo poche speranze all&#8217;ipotesi di &#8220;Cambiare si pu\u00f2&#8221;, un&#8217;iniziativa complementare ad Alba, il soggetto politico nuovo, che pensava a liste di cittadinanza totalmente scelte da assemblee sovrane. Ma dissi vediamo, la speranza non finisce mai. Sappiamo com&#8217;\u00e8 andata, a partire dall&#8217;assemblea veneziana che aveva scelto Maria Rosa Vittadini, urbanista a Venezia e tra i maggiori esperti nazionali in tema di trasporti, a cui \u00e8 stata proposta la quinta o sesta posizione in lista, praticamente ineleggibile, costringendola a ritirarsi.<\/p>\n<p><strong>Come d\u2019Orsi, ho pensato per qualche giorno che non avrei votato<\/strong> e soprattutto che sarebbe salutare che questa nuova lista Arcobaleno, un altro espediente di partitini (Rc, Pdci, Idv, verdi e arancioni), non entrasse in Parlamento, cancellando definitivamente le tracce di sigle ormai insignificanti nella politica nazionale. Ma non c\u2019\u00e8 dubbio alcuno che il <a href=\"http:\/\/www.rivoluzionecivile.it\/programma-di-rivoluzione-civile\/\">programma<\/a> di Rivoluzione Civile sia il migliore tra quelli leggibili in questi giorni e l\u2019unico che non nasconda ipocrisie o palesi miserie culturali. Anche se avrei preferito che alla base di una nuova stagione politica ci fossero i <a href=\"http:\/\/www.soggettopoliticonuovo.it\/contributi-essenziali-di-programma-alba-soggetto-politico-nuovo\/\">25 punti essenziali <\/a>di programma di Alba, un documento pronto alla fine di novembre 2012, lucido e coerente, di 4.300 parole (compresi gli articoli e le preposizioni), dove compaiono le parole lavoro (13 volte), societ\u00e0 (9), democrazia (8), Europa (8) e libert\u00e0 (6), ma non \u201ccrescita\u201d. Vi si trova tre volte il termine \u201cpartecipazione\u201d che parla da solo e che non ha bisogno dell\u2019aggettivo \u201ccivile\u201d, come per \u201crivoluzione\u201d, mai nominata.<\/p>\n<p>Ma tant\u2019\u00e8, questa \u00e8 la situazione. Alle elezioni ci sono due liste che si dichiarano di sinistra, Sel guidata da Nichi Vendola e Rivoluzione Civile guidata da Antonio Ingroia. Hanno due strategie diverse, ma \u00e8 bene per noi che prendano voti entrambe.<\/p>\n<p>Cos\u00ec <strong>voter\u00f2 Rivoluzione Civile &#8211; Ingroia alla Camera<\/strong>, dove questa lista ha buone chances di approdare, mentre <strong>voter\u00f2 Sinistra Ecologia Libert\u00e0 al Senato<\/strong>, dove ad una lista non in coalizione servirebbe un impossibile 8% su base regionale. Cos\u00ec facendo non penso ad un voto utile al governo autosufficiente del centrosinistra, penso al voto di sinistra pi\u00f9 concreto, in attesa di riprendere un cammino di aggiornamento della stessa sulla base della partecipazione e della passione civile.<\/p>\n","protected":false},"excerpt":{"rendered":"<p>Ad una settimana scarsa dal voto, \u00e8 il momento di dire per chi voter\u00f2, anche se continuer\u00f2 in questi giorni a fare vecchie e nuove considerazioni. Approfitto di un testo di Angelo d&#8217;Orsi, appena apparso su Micromega online, di cui &hellip; <a href=\"https:\/\/lacittafutura.net\/adrianozanon\/2013\/02\/18\/elezioni-6-per-chi-voto\/\">Continua a leggere<span class=\"meta-nav\">&rarr;<\/span><\/a><\/p>\n","protected":false},"author":6,"featured_media":0,"comment_status":"open","ping_status":"open","sticky":false,"template":"","format":"standard","meta":{"footnotes":""},"categories":[11],"tags":[103,104,22],"class_list":["post-5589","post","type-post","status-publish","format-standard","hentry","category-pol","tag-alba","tag-elezioni","tag-sin"],"_links":{"self":[{"href":"https:\/\/lacittafutura.net\/adrianozanon\/wp-json\/wp\/v2\/posts\/5589","targetHints":{"allow":["GET"]}}],"collection":[{"href":"https:\/\/lacittafutura.net\/adrianozanon\/wp-json\/wp\/v2\/posts"}],"about":[{"href":"https:\/\/lacittafutura.net\/adrianozanon\/wp-json\/wp\/v2\/types\/post"}],"author":[{"embeddable":true,"href":"https:\/\/lacittafutura.net\/adrianozanon\/wp-json\/wp\/v2\/users\/6"}],"replies":[{"embeddable":true,"href":"https:\/\/lacittafutura.net\/adrianozanon\/wp-json\/wp\/v2\/comments?post=5589"}],"version-history":[{"count":34,"href":"https:\/\/lacittafutura.net\/adrianozanon\/wp-json\/wp\/v2\/posts\/5589\/revisions"}],"predecessor-version":[{"id":5667,"href":"https:\/\/lacittafutura.net\/adrianozanon\/wp-json\/wp\/v2\/posts\/5589\/revisions\/5667"}],"wp:attachment":[{"href":"https:\/\/lacittafutura.net\/adrianozanon\/wp-json\/wp\/v2\/media?parent=5589"}],"wp:term":[{"taxonomy":"category","embeddable":true,"href":"https:\/\/lacittafutura.net\/adrianozanon\/wp-json\/wp\/v2\/categories?post=5589"},{"taxonomy":"post_tag","embeddable":true,"href":"https:\/\/lacittafutura.net\/adrianozanon\/wp-json\/wp\/v2\/tags?post=5589"}],"curies":[{"name":"wp","href":"https:\/\/api.w.org\/{rel}","templated":true}]}}