{"id":5364,"date":"2013-01-15T19:53:57","date_gmt":"2013-01-15T19:53:57","guid":{"rendered":"http:\/\/lacittafutura.net\/adrianozanon\/?p=5364"},"modified":"2013-01-15T08:34:58","modified_gmt":"2013-01-15T08:34:58","slug":"perma-austerity-o-decrescita-2","status":"publish","type":"post","link":"https:\/\/lacittafutura.net\/adrianozanon\/2013\/01\/15\/perma-austerity-o-decrescita-2\/","title":{"rendered":"Perma-austerity o decrescita? (2)"},"content":{"rendered":"<p>C&#8217;\u00e8 dunque solo l&#8217;alternativa tra crescita ed austerity, magari permanente, o no? Non c&#8217;\u00e8 proprio nessun&#8217;altra via?<\/p>\n<p>Non c&#8217;\u00e8 nessun media di certe dimensioni che non scriva o non parli di crescita, anche &#8211; anzi soprattutto &#8211; quando si programma l&#8217;austerit\u00e0, cio\u00e8 la decrescita. Gi\u00e0, decrescita, perch\u00e9 questa \u00e8 la parola. C&#8217;\u00e8 chi la usa senza nasconderla, anzi esibendola. Per esempio quelli del <a href=\"http:\/\/decrescitafelice.it\/\"><strong>Movimento della Decrescita Felice <\/strong><\/a> che hanno un&#8217;idea del tutto diversa sulle cause e sulla via d&#8217;uscita dalla crisi. <\/p>\n<p>Se siete un po&#8217; interessati ad uscire dal solito carosello potete leggere questo <a href=\"http:\/\/decrescitafelice.it\/2012\/11\/proposta-di-confronto-su-un-progetto-per-superare-la-crisi-creare-unoccupazione-utile-e-dare-un-futuro-ai-giovani\/\">articolo<\/a>: <strong>&#8220;Proposta di confronto su un progetto per superare la crisi, creare un\u2019occupazione utile e dare un futuro ai giovani&#8221;<\/strong>, dove si affrontano questi temi (titoli dei paragrafi):<\/p>\n<p>La crescita \u00e8 la causa della crisi (potrebbe esserne la soluzione?).<br \/>\nIl debito \u00e8 l\u2019altra faccia della medaglia della crescita.<br \/>\nLe misure tradizionali di politica economica non funzionano pi\u00f9.<br \/>\nInasprimento della lotta di classe dei ricchi contro i poveri.<br \/>\nLe posizioni neo-keynesiane.<br \/>\nUn\u2019incredibile rimozione collettiva [l\u2019ambiente].<br \/>\nInvestire nelle tecnologie che riducono gli sprechi di energia e risorse naturali.<br \/>\nLa decrescita selettiva della produzione di merci \u00e8 alternativa sia all\u2019austerit\u00e0, sia al consumismo irresponsabile.<br \/>\nUna politica economica e industriale finalizzata alla decrescita selettiva della produzione di merci.<br \/>\nIl blocco di potere cementato dall\u2019ideologia della crescita.<br \/>\nUna nuova cultura per una nuova alleanza sociale.<br \/>\nAvviare un confronto tra i potenziali sostenitori di un progetto politico finalizzato a superare la crisi mediante una decrescita selettiva della produzione di merci. <\/p>\n<p>Leggendo questo articolo non \u00e8 detto che vi troviate d&#8217;accordo su tutto, non lo sono neanch&#8217;io, ma avete letto senz&#8217;altro un&#8217;altra cosa che la solita liturgia.<\/p>\n","protected":false},"excerpt":{"rendered":"<p>C&#8217;\u00e8 dunque solo l&#8217;alternativa tra crescita ed austerity, magari permanente, o no? Non c&#8217;\u00e8 proprio nessun&#8217;altra via? Non c&#8217;\u00e8 nessun media di certe dimensioni che non scriva o non parli di crescita, anche &#8211; anzi soprattutto &#8211; quando si programma &hellip; <a href=\"https:\/\/lacittafutura.net\/adrianozanon\/2013\/01\/15\/perma-austerity-o-decrescita-2\/\">Continua a leggere<span class=\"meta-nav\">&rarr;<\/span><\/a><\/p>\n","protected":false},"author":6,"featured_media":0,"comment_status":"open","ping_status":"open","sticky":false,"template":"","format":"standard","meta":{"footnotes":""},"categories":[10,11],"tags":[133,23],"class_list":["post-5364","post","type-post","status-publish","format-standard","hentry","category-eco-no","category-pol","tag-austerity","tag-dec"],"_links":{"self":[{"href":"https:\/\/lacittafutura.net\/adrianozanon\/wp-json\/wp\/v2\/posts\/5364","targetHints":{"allow":["GET"]}}],"collection":[{"href":"https:\/\/lacittafutura.net\/adrianozanon\/wp-json\/wp\/v2\/posts"}],"about":[{"href":"https:\/\/lacittafutura.net\/adrianozanon\/wp-json\/wp\/v2\/types\/post"}],"author":[{"embeddable":true,"href":"https:\/\/lacittafutura.net\/adrianozanon\/wp-json\/wp\/v2\/users\/6"}],"replies":[{"embeddable":true,"href":"https:\/\/lacittafutura.net\/adrianozanon\/wp-json\/wp\/v2\/comments?post=5364"}],"version-history":[{"count":20,"href":"https:\/\/lacittafutura.net\/adrianozanon\/wp-json\/wp\/v2\/posts\/5364\/revisions"}],"predecessor-version":[{"id":5396,"href":"https:\/\/lacittafutura.net\/adrianozanon\/wp-json\/wp\/v2\/posts\/5364\/revisions\/5396"}],"wp:attachment":[{"href":"https:\/\/lacittafutura.net\/adrianozanon\/wp-json\/wp\/v2\/media?parent=5364"}],"wp:term":[{"taxonomy":"category","embeddable":true,"href":"https:\/\/lacittafutura.net\/adrianozanon\/wp-json\/wp\/v2\/categories?post=5364"},{"taxonomy":"post_tag","embeddable":true,"href":"https:\/\/lacittafutura.net\/adrianozanon\/wp-json\/wp\/v2\/tags?post=5364"}],"curies":[{"name":"wp","href":"https:\/\/api.w.org\/{rel}","templated":true}]}}