{"id":4750,"date":"2012-10-15T06:49:43","date_gmt":"2012-10-15T06:49:43","guid":{"rendered":"http:\/\/lacittafutura.net\/adrianozanon\/?p=4750"},"modified":"2012-10-15T13:10:38","modified_gmt":"2012-10-15T13:10:38","slug":"pista-ciclabile-un-ologramma","status":"publish","type":"post","link":"https:\/\/lacittafutura.net\/adrianozanon\/2012\/10\/15\/pista-ciclabile-un-ologramma\/","title":{"rendered":"Pista ciclabile? Un ologramma"},"content":{"rendered":"<p><a href=\"http:\/\/lacittafutura.net\/adrianozanon\/files\/2012\/10\/20121009_ologramma.jpg\"><img loading=\"lazy\" decoding=\"async\" class=\"alignleft size-full wp-image-4791\" title=\"piste ciclabili napoli\" src=\"http:\/\/lacittafutura.net\/adrianozanon\/files\/2012\/10\/20121009_ologramma.jpg\" alt=\"\" width=\"636\" height=\"458\" srcset=\"https:\/\/lacittafutura.net\/adrianozanon\/files\/2012\/10\/20121009_ologramma.jpg 636w, https:\/\/lacittafutura.net\/adrianozanon\/files\/2012\/10\/20121009_ologramma-300x216.jpg 300w\" sizes=\"auto, (max-width: 636px) 100vw, 636px\" \/><\/a><\/p>\n<p>E&#8217; di pochi giorni fa la <a href=\"http:\/\/ricerca.repubblica.it\/repubblica\/archivio\/repubblica\/2012\/10\/01\/le-biciclette-sorpassano-le-automobili.html\">notizia<\/a> che quest&#8217;anno in Italia si sono vendute pi\u00f9 biciclette che automobili.<\/p>\n<h5 style=\"padding-left: 30px;\"><span style=\"color: #0000ff;\">Ma perch\u00e9? Cos&#8217;\u00e8 cambiato? La crisi, il prezzo della benzina arrivato a 2 euro al litro e i 7 mila euro all&#8217;anno (calcolati da Federconsumatori) per mantenere l&#8217;auto ci hanno sicuramente convinto a pedalare di pi\u00f9. \u00abMa non \u00e8 solo questo &#8211; sostiene Nigrelli [direttore del settore cicli di Confindustria Ancma] &#8211; il segreto del successo sta nel fatto che la bici \u00e8 easy, facile da usare, costa poco, \u00e8 maneggevole, comoda, oggi anche hi-tech nelle versioni ibride ed elettriche. Su un tratto di 5 km batte qualsiasi altro mezzo\u00bb.<\/span><\/h5>\n<p>E&#8217; vero, la bicicletta \u00e8 una grande invenzione, ma le bici possono andare dappertutto? Questo \u00e8 il problema. Ai miei tempi si poteva. Le automobili erano poche e pi\u00f9 piccole ed i camion in proporzione erano ancor meno. D&#8217;estate, quando non c&#8217;era il servizio scolastico, io potevo venire da Sesto al Reghena a Portogruaro senza tante ansie. Dodici km via Cinto o undici via Giai, passando sempre per La Sega, poi l&#8217;ultimo stradone in mezzo ai campi (l&#8217;attuale viale Pordenone).<\/p>\n<p>Oggi nella bella stagione quando posso la faccio ancora in bicicletta, perch\u00e9 ho la fortuna di esser tornato a Sesto come sede di lavoro. Faccio la bassa di Portovecchio, poi in mezzo ai campi fino a Giai e quindi verso Sesto. E&#8217; una strada bellissima, si corre in fianco al Lemene e in mezzo ai campi di biava, dodici km con pochissimi punti di particolare attenzione, sostanzialmente all&#8217;uscita\/entrata di Porto. Se non ci sono intoppi, \u00e8 mezzora di pedalata, ma in auto si risparmierebbero solo una decina di minuti e dipende dal momento della giornata.<\/p>\n<p>Per\u00f2 il mio \u00e8 proprio un caso fortunato. Dieci km in altre direzioni sono impraticabili in bicicletta, se non su strade secondarie e quindi solo per sport, non certo per andare al lavoro. Non verso San Stino (15 km), non verso Annone (14 km), non verso Cordovado (10 km). Figurarsi verso Latisana (15 km, ma via Frata-Alvisopoli-San Giorgio sarebbero 19 km). Ma anche sul percorso pi\u00f9 breve di cinque km non ci sono pi\u00f9 strade percorribili e non ci sono ancora piste ciclabili ben collegate tra loro. In particolare, la diffusione delle rotonde &#8211; dove \u00e8 poco visibile e seriamente a rischio &#8211; ha complicato assai la vita del ciclista.<\/p>\n<p>Naturalmente questa situazione non \u00e8 solo locale. E in alcune citt\u00e0 la bicicletta non \u00e8 neanche utilizzabile, quando non \u00e8 proprio ostacolata. In molti casi ci sono solo i segni per terra, un <a href=\"http:\/\/www.corriere.it\/cronache\/12_ottobre_08\/nostre-piste-ciclabili-diventano-ologramma-maria-laura-rodota_6fd973d8-110c-11e2-b61f-b7b290547c92.shtml\">ologramma<\/a>, ma per pedalarci sopra non basta avere una bici, ci vorrebbe un po&#8217; di continuit\u00e0 di percorso e un po&#8217; di sicurezza in pi\u00f9.<\/p>\n","protected":false},"excerpt":{"rendered":"<p>E&#8217; di pochi giorni fa la notizia che quest&#8217;anno in Italia si sono vendute pi\u00f9 biciclette che automobili. Ma perch\u00e9? Cos&#8217;\u00e8 cambiato? La crisi, il prezzo della benzina arrivato a 2 euro al litro e i 7 mila euro all&#8217;anno &hellip; <a href=\"https:\/\/lacittafutura.net\/adrianozanon\/2012\/10\/15\/pista-ciclabile-un-ologramma\/\">Continua a leggere<span class=\"meta-nav\">&rarr;<\/span><\/a><\/p>\n","protected":false},"author":6,"featured_media":0,"comment_status":"open","ping_status":"open","sticky":false,"template":"","format":"standard","meta":{"footnotes":""},"categories":[9],"tags":[30],"class_list":["post-4750","post","type-post","status-publish","format-standard","hentry","category-eco-lo","tag-bici"],"_links":{"self":[{"href":"https:\/\/lacittafutura.net\/adrianozanon\/wp-json\/wp\/v2\/posts\/4750","targetHints":{"allow":["GET"]}}],"collection":[{"href":"https:\/\/lacittafutura.net\/adrianozanon\/wp-json\/wp\/v2\/posts"}],"about":[{"href":"https:\/\/lacittafutura.net\/adrianozanon\/wp-json\/wp\/v2\/types\/post"}],"author":[{"embeddable":true,"href":"https:\/\/lacittafutura.net\/adrianozanon\/wp-json\/wp\/v2\/users\/6"}],"replies":[{"embeddable":true,"href":"https:\/\/lacittafutura.net\/adrianozanon\/wp-json\/wp\/v2\/comments?post=4750"}],"version-history":[{"count":41,"href":"https:\/\/lacittafutura.net\/adrianozanon\/wp-json\/wp\/v2\/posts\/4750\/revisions"}],"predecessor-version":[{"id":4800,"href":"https:\/\/lacittafutura.net\/adrianozanon\/wp-json\/wp\/v2\/posts\/4750\/revisions\/4800"}],"wp:attachment":[{"href":"https:\/\/lacittafutura.net\/adrianozanon\/wp-json\/wp\/v2\/media?parent=4750"}],"wp:term":[{"taxonomy":"category","embeddable":true,"href":"https:\/\/lacittafutura.net\/adrianozanon\/wp-json\/wp\/v2\/categories?post=4750"},{"taxonomy":"post_tag","embeddable":true,"href":"https:\/\/lacittafutura.net\/adrianozanon\/wp-json\/wp\/v2\/tags?post=4750"}],"curies":[{"name":"wp","href":"https:\/\/api.w.org\/{rel}","templated":true}]}}