{"id":4029,"date":"2012-06-20T18:01:54","date_gmt":"2012-06-20T18:01:54","guid":{"rendered":"http:\/\/lacittafutura.net\/adrianozanon\/?p=4029"},"modified":"2012-10-19T12:30:43","modified_gmt":"2012-10-19T12:30:43","slug":"il-dio-dello-spread-e-il-dio-del-pallone","status":"publish","type":"post","link":"https:\/\/lacittafutura.net\/adrianozanon\/2012\/06\/20\/il-dio-dello-spread-e-il-dio-del-pallone\/","title":{"rendered":"Germania-Grecia, non solo calcio"},"content":{"rendered":"<p>E&#8217; un paradosso ma &#8211; mentre qui accanto Ermes scrive <a title=\"Link interno a LCF\" href=\"http:\/\/lacittafutura.net\/ermesdrigo\/2012\/06\/11\/chiudiamo-il-calcio\/\">&#8220;Chiudiamo il calcio.&#8221; <\/a> (col punto!) &#8211; c&#8217;\u00e8 un partita che sta diventando un evento pi\u00f9 che politico, epocale: i prossimi quarti di finale degli europei, Germania-Grecia (Danzica, venerd\u00ec 22, alle 20.45).<\/p>\n<p>I giornali di oggi raccontano che proprio stamane la squadra tedesca andr\u00e0 in visita a <a href=\"http:\/\/it.wikipedia.org\/wiki\/Battaglia_della_Westerplatte\">Westerplatte<\/a>, dove cominci\u00f2 la seconda guerra mondiale. Westerplatte \u00e8 una penisola sul mar Baltico, nei pressi di Danzica. Le cronache raccontano che a fine agosto 1939 la corazzata tedesca Schleswig-Holstein, una nave scuola della marina tedesca, entr\u00f2 nel porto di Danzica, ufficialmente per una visita di cortesia alla Polonia e ormeggi\u00f2 proprio di fronte al Westerplatte. Ma alle 4.45 del 1\u00b0 settembre la nave, che poco prima aveva lasciato gli ormeggi spostandosi ad est, cominci\u00f2 a cannoneggiare le postazioni polacche. Era l&#8217;inizio della seconda guerra mondiale. Il seguito e come and\u00f2 a finire li conosciamo.<\/p>\n<p>Invece la battaglia in corso tra Germania e Grecia non \u00e8 affatto finita. Direte, cosa c&#8217;entra col calcio? C&#8217;entra, c&#8217;entra&#8230; <a href=\"http:\/\/www.ilmanifesto.it\/area-abbonati\/ricerca\/nocache\/1\/manip2n1\/20120619\/manip2pg\/01\/manip2pz\/324465\/manip2r1\/eramo\/\">Ieri<\/a>, Marco d&#8217;Eramo, in un articolo su <em>il manifesto<\/em> a commento del fatto che lo spread non dipende dall&#8217;esito delle elezioni greche ma fa quello che vuole, chiudeva cos\u00ec:<\/p>\n<h5 style=\"padding-left: 30px;\">L&#8217;unica speranza, anch&#8217;essa assai improbabile, \u00e8 che venerd\u00ec, almeno nello stadio di Danzica (ah la memoria storica!) la nazionale di calcio greca dimostri a quella tedesca che il Dio dello Spread non \u00e8 onnipotente e pu\u00f2 essere mandato nel pallone.<\/h5>\n<p>Oggi invece, parlando di calcio, Maurizio Crosetti su <em>la Repubblica<\/em>, prima riporta le parole dell&#8217;allenatore tedesco Ioachim Loew  che sottolineava: \u00abTra noi e greci, la politica non c&#8217;entra nulla. (&#8230;) sar\u00e0 soltanto un semplice quarto di finale.\u00bb Anche insistendo: \u00abDovete capirlo: \u00e8 solo calcio\u00bb. Poi, ricordando anche gli attacchi razzisti a Mesut Ozil, calciatore della nazionale tedesca di origine turca, il giornalista chiude l&#8217;articolo scrivendo: &#8220;Non si pu\u00f2 parlare solo di calcio, perch\u00e9 non \u00e8 solo calcio&#8221;.<\/p>\n<p>Ecco perch\u00e9 non si pu\u00f2 chiudere solo il calcio. Punto.<\/p>\n","protected":false},"excerpt":{"rendered":"<p>E&#8217; un paradosso ma &#8211; mentre qui accanto Ermes scrive &#8220;Chiudiamo il calcio.&#8221; (col punto!) &#8211; c&#8217;\u00e8 un partita che sta diventando un evento pi\u00f9 che politico, epocale: i prossimi quarti di finale degli europei, Germania-Grecia (Danzica, venerd\u00ec 22, alle &hellip; <a href=\"https:\/\/lacittafutura.net\/adrianozanon\/2012\/06\/20\/il-dio-dello-spread-e-il-dio-del-pallone\/\">Continua a leggere<span class=\"meta-nav\">&rarr;<\/span><\/a><\/p>\n","protected":false},"author":6,"featured_media":0,"comment_status":"open","ping_status":"open","sticky":false,"template":"","format":"standard","meta":{"footnotes":""},"categories":[11],"tags":[122,108],"class_list":["post-4029","post","type-post","status-publish","format-standard","hentry","category-pol","tag-calcio","tag-crisi"],"_links":{"self":[{"href":"https:\/\/lacittafutura.net\/adrianozanon\/wp-json\/wp\/v2\/posts\/4029","targetHints":{"allow":["GET"]}}],"collection":[{"href":"https:\/\/lacittafutura.net\/adrianozanon\/wp-json\/wp\/v2\/posts"}],"about":[{"href":"https:\/\/lacittafutura.net\/adrianozanon\/wp-json\/wp\/v2\/types\/post"}],"author":[{"embeddable":true,"href":"https:\/\/lacittafutura.net\/adrianozanon\/wp-json\/wp\/v2\/users\/6"}],"replies":[{"embeddable":true,"href":"https:\/\/lacittafutura.net\/adrianozanon\/wp-json\/wp\/v2\/comments?post=4029"}],"version-history":[{"count":31,"href":"https:\/\/lacittafutura.net\/adrianozanon\/wp-json\/wp\/v2\/posts\/4029\/revisions"}],"predecessor-version":[{"id":4928,"href":"https:\/\/lacittafutura.net\/adrianozanon\/wp-json\/wp\/v2\/posts\/4029\/revisions\/4928"}],"wp:attachment":[{"href":"https:\/\/lacittafutura.net\/adrianozanon\/wp-json\/wp\/v2\/media?parent=4029"}],"wp:term":[{"taxonomy":"category","embeddable":true,"href":"https:\/\/lacittafutura.net\/adrianozanon\/wp-json\/wp\/v2\/categories?post=4029"},{"taxonomy":"post_tag","embeddable":true,"href":"https:\/\/lacittafutura.net\/adrianozanon\/wp-json\/wp\/v2\/tags?post=4029"}],"curies":[{"name":"wp","href":"https:\/\/api.w.org\/{rel}","templated":true}]}}