{"id":4001,"date":"2012-06-14T18:23:19","date_gmt":"2012-06-14T18:23:19","guid":{"rendered":"http:\/\/lacittafutura.net\/adrianozanon\/?p=4001"},"modified":"2014-12-05T09:34:24","modified_gmt":"2014-12-05T09:34:24","slug":"lo-spettro-di-pasolini","status":"publish","type":"post","link":"https:\/\/lacittafutura.net\/adrianozanon\/2012\/06\/14\/lo-spettro-di-pasolini\/","title":{"rendered":"Pasolini, lo spettro che s&#8217;aggira sempre"},"content":{"rendered":"<p>Ha ragione Ferdinando Camon a scrivere che il calciatore della nazionale italiana Franco Cassano &#8220;non sa parlare, non \u00e8 padrone della lingua, non \u00e8 questo che si pretende da lui. Probabilmente non sa neanche cosa vuol dire \u00abfroci\u00bb.&#8221; E ce lo spiega su <em>la Nuova Venezia <\/em>di oggi. Poi fa l&#8217;osservazione sui problemi che il tema dell&#8217;omosessualit\u00e0 crea all&#8217;interno del Pd, argomento che qui non seguo.<\/p>\n<p>Verso la fine dell&#8217;articolo inserisce una tirata che riporto integralmente:<\/p>\n<h5 style=\"padding-left: 30px;\">Non esiste il problema dell&#8217;omosessualit\u00e0, esiste il problema dell&#8217;incomprensione dell&#8217;omosessualit\u00e0. L&#8217;omosessualit\u00e0 \u00e8 colpevole quando \u00e8 esercitata con minorenni. Purtroppo cos\u00ec faceva Pasolini. Ci rimise la vita per questo. E&#8217; inutile che ci giriamo intorno, \u00e8 morto cos\u00ec come dice la versione ufficiale. Caric\u00f2 il ragazzino minorenne alla Stazione Termini, lo port\u00f2 a cena al ristorante Al Pommidoro (con due m), poi andarono su quel lido deserto e sozzo, l\u00ec fecero quel che avevano patteggiato, poi Pier Paolo si permise qualcosa di pi\u00f9: raccolse da terra un bastone e con la punta urt\u00f2 il ragazzo sul coccige. Il ragazzo s&#8217;infuri\u00f2. E&#8217; la versione ufficiale, a me l&#8217;ha raccontata Moravia. Una morte per omosessualit\u00e0, ma anche per pedofilia. Pasolini era un grande poeta, grande narratore e grande regista, ma come uomo sbagliava: non si va a bambini o ragazzini. E&#8217; lo stesso errore di certi eterosessuali: non si va a bambine o ragazzine.<\/h5>\n<p>Infine chiude l&#8217;articolo di nuovo col tema dei diritti degli omosessuali: bisogna dar loro i diritti costituzionali e questo lo deve fare la Sinistra (con la s maiuscola, mentre a me pare che non c&#8217;\u00e8 neanche quella con la minuscola), subito.<\/p>\n<p>Inutile dire che il discorso su Pasolini \u00e8 penoso. Purtroppo sembra che tutto il resto serva per scrivere proprio quelle quattro righe. Oggi basta andare su un motore di ricerca internet con &#8220;<a href=\"http:\/\/it.wikipedia.org\/wiki\/Pier_Paolo_Pasolini#La_morte\">morte di Pasolini<\/a>&#8221; per vedere filmati con le dichiarazioni di Pelosi o ricostruzioni su quanto avvenne veramente. Ormai si dice sempre pi\u00f9 apertamente\u00a0che Pasolini fu ucciso perch\u00e9 sapeva o aveva intuito\u00a0qualcosa di troppo, in particolare sulla morte di Enrico Mattei. Se ne trova traccia nei frammenti del romanzo postumo <em>Petrolio. <\/em><\/p>\n<p><em><\/em>Cos\u00ec, alla fine, tra Cassano &#8211; che non sa cosa significa frocio &#8211; e Camon &#8211; che non sa cosa si \u00e8 detto e scritto sulla morte di Pasolini dopo la versione ufficiale, cio\u00e8 giudiziaria &#8211; preferisco il primo, mi pare pi\u00f9 autentico.<\/p>\n","protected":false},"excerpt":{"rendered":"<p>Ha ragione Ferdinando Camon a scrivere che il calciatore della nazionale italiana Franco Cassano &#8220;non sa parlare, non \u00e8 padrone della lingua, non \u00e8 questo che si pretende da lui. Probabilmente non sa neanche cosa vuol dire \u00abfroci\u00bb.&#8221; E ce &hellip; <a href=\"https:\/\/lacittafutura.net\/adrianozanon\/2012\/06\/14\/lo-spettro-di-pasolini\/\">Continua a leggere<span class=\"meta-nav\">&rarr;<\/span><\/a><\/p>\n","protected":false},"author":6,"featured_media":0,"comment_status":"open","ping_status":"open","sticky":false,"template":"","format":"standard","meta":{"footnotes":""},"categories":[12],"tags":[31,35,86],"class_list":["post-4001","post","type-post","status-publish","format-standard","hentry","category-critica","tag-diritti","tag-mem","tag-pasolini"],"_links":{"self":[{"href":"https:\/\/lacittafutura.net\/adrianozanon\/wp-json\/wp\/v2\/posts\/4001","targetHints":{"allow":["GET"]}}],"collection":[{"href":"https:\/\/lacittafutura.net\/adrianozanon\/wp-json\/wp\/v2\/posts"}],"about":[{"href":"https:\/\/lacittafutura.net\/adrianozanon\/wp-json\/wp\/v2\/types\/post"}],"author":[{"embeddable":true,"href":"https:\/\/lacittafutura.net\/adrianozanon\/wp-json\/wp\/v2\/users\/6"}],"replies":[{"embeddable":true,"href":"https:\/\/lacittafutura.net\/adrianozanon\/wp-json\/wp\/v2\/comments?post=4001"}],"version-history":[{"count":26,"href":"https:\/\/lacittafutura.net\/adrianozanon\/wp-json\/wp\/v2\/posts\/4001\/revisions"}],"predecessor-version":[{"id":4021,"href":"https:\/\/lacittafutura.net\/adrianozanon\/wp-json\/wp\/v2\/posts\/4001\/revisions\/4021"}],"wp:attachment":[{"href":"https:\/\/lacittafutura.net\/adrianozanon\/wp-json\/wp\/v2\/media?parent=4001"}],"wp:term":[{"taxonomy":"category","embeddable":true,"href":"https:\/\/lacittafutura.net\/adrianozanon\/wp-json\/wp\/v2\/categories?post=4001"},{"taxonomy":"post_tag","embeddable":true,"href":"https:\/\/lacittafutura.net\/adrianozanon\/wp-json\/wp\/v2\/tags?post=4001"}],"curies":[{"name":"wp","href":"https:\/\/api.w.org\/{rel}","templated":true}]}}