{"id":3478,"date":"2012-04-11T01:31:25","date_gmt":"2012-04-11T01:31:25","guid":{"rendered":"http:\/\/lacittafutura.net\/adrianozanon\/?p=3478"},"modified":"2012-04-11T22:13:03","modified_gmt":"2012-04-11T22:13:03","slug":"benvenuti-in-tempi-interessanti","status":"publish","type":"post","link":"https:\/\/lacittafutura.net\/adrianozanon\/2012\/04\/11\/benvenuti-in-tempi-interessanti\/","title":{"rendered":"Benvenuti in tempi interessanti"},"content":{"rendered":"<p><a href=\"http:\/\/it.wikipedia.org\/wiki\/Slavoj_%C5%BDi%C5%BEek\">Slavoj \u017di\u017eek <\/a>\u00e8 un intellettuale sloveno molto presente nel dibattito culturale e politico e quasi sempre in maniera non convenzionale. Il suo ultimo libro tradotto in italiano s&#8217;intitola <em>Benvenuti in tempi interessanti <\/em>(Ponte alle Grazie, Milano 2012).<\/p>\n<p>L&#8217;espressione del titolo, come spiega subito l&#8217;autore, \u00e8 tutt&#8217;altro che un buon augurio: si usa in Cina se si odia qualcuno e si vuole maledirlo. I &#8220;tempi interessanti&#8221; sono infatti quei &#8220;periodi di irrequietezza, guerra e lotte per il potere che hanno portato sofferenze a milioni di innocenti&#8221;. Cos\u00ec, in maniera pi\u00f9 delicata ma obliqua (orientale?), non si augura &#8220;che ti venga un cancro&#8221; (bruttissimo) o &#8220;va all&#8217;inferno&#8221; (anche peggiore). Si lascia che sia l&#8217;epoca, la storia, a concretizzare il pensierino malevolo.<\/p>\n<p>&#8220;Oggi ci stiamo chiaramente avvicinando ad una nuova epoca di tempi interessanti&#8221; &#8211;\u00a0cos\u00ec scrive \u017di\u017eek. \u00a0Io dico che\u00a0con maledizioni o senza ci siamo dentro tutti.<\/p>\n","protected":false},"excerpt":{"rendered":"<p>Slavoj \u017di\u017eek \u00e8 un intellettuale sloveno molto presente nel dibattito culturale e politico e quasi sempre in maniera non convenzionale. Il suo ultimo libro tradotto in italiano s&#8217;intitola Benvenuti in tempi interessanti (Ponte alle Grazie, Milano 2012). L&#8217;espressione del titolo, &hellip; <a href=\"https:\/\/lacittafutura.net\/adrianozanon\/2012\/04\/11\/benvenuti-in-tempi-interessanti\/\">Continua a leggere<span class=\"meta-nav\">&rarr;<\/span><\/a><\/p>\n","protected":false},"author":6,"featured_media":0,"comment_status":"open","ping_status":"open","sticky":false,"template":"","format":"standard","meta":{"footnotes":""},"categories":[54],"tags":[203,15],"class_list":["post-3478","post","type-post","status-publish","format-standard","hentry","category-storia","tag-storia","tag-tem"],"_links":{"self":[{"href":"https:\/\/lacittafutura.net\/adrianozanon\/wp-json\/wp\/v2\/posts\/3478","targetHints":{"allow":["GET"]}}],"collection":[{"href":"https:\/\/lacittafutura.net\/adrianozanon\/wp-json\/wp\/v2\/posts"}],"about":[{"href":"https:\/\/lacittafutura.net\/adrianozanon\/wp-json\/wp\/v2\/types\/post"}],"author":[{"embeddable":true,"href":"https:\/\/lacittafutura.net\/adrianozanon\/wp-json\/wp\/v2\/users\/6"}],"replies":[{"embeddable":true,"href":"https:\/\/lacittafutura.net\/adrianozanon\/wp-json\/wp\/v2\/comments?post=3478"}],"version-history":[{"count":20,"href":"https:\/\/lacittafutura.net\/adrianozanon\/wp-json\/wp\/v2\/posts\/3478\/revisions"}],"predecessor-version":[{"id":3498,"href":"https:\/\/lacittafutura.net\/adrianozanon\/wp-json\/wp\/v2\/posts\/3478\/revisions\/3498"}],"wp:attachment":[{"href":"https:\/\/lacittafutura.net\/adrianozanon\/wp-json\/wp\/v2\/media?parent=3478"}],"wp:term":[{"taxonomy":"category","embeddable":true,"href":"https:\/\/lacittafutura.net\/adrianozanon\/wp-json\/wp\/v2\/categories?post=3478"},{"taxonomy":"post_tag","embeddable":true,"href":"https:\/\/lacittafutura.net\/adrianozanon\/wp-json\/wp\/v2\/tags?post=3478"}],"curies":[{"name":"wp","href":"https:\/\/api.w.org\/{rel}","templated":true}]}}