{"id":34,"date":"2010-10-11T10:40:56","date_gmt":"2010-10-11T10:40:56","guid":{"rendered":"http:\/\/lacittafutura.net\/adrianozanon\/?p=34"},"modified":"2023-03-23T20:55:22","modified_gmt":"2023-03-23T20:55:22","slug":"exit-strategy","status":"publish","type":"post","link":"https:\/\/lacittafutura.net\/adrianozanon\/2010\/10\/11\/exit-strategy\/","title":{"rendered":"Exit strategy"},"content":{"rendered":"<p>Stamane sono rientrate le salme dei quattro alpini uccisi in Afghanistan, mentre su<em> la Repubblica<\/em> leggo: \u201cLa situazione reale dell\u2019Afghanistan \u00e8 di una linearit\u00e0 imbarazzante. Nessun contingente \u00e8 male armato, la Nato soffre di eccesso di potenza e non di carenza di mezzi. Ci sono gi\u00e0 troppi bombardieri e Karzai \u00e8 perdente proprio perch\u00e9 si bombarda troppo e senza curarsi delle vittime. La Nato e gli Stati Uniti non sanno cosa fare e i nostri soldati \u2018non ci capiscono pi\u00f9 niente\u2019 perch\u00e9 la strategia \u00e8 inefficiente: non ci sono idee e nessuno crede pi\u00f9 a quelle finora propagandate. In queste condizioni i nostri soldati continueranno a morire senza sapere perch\u00e9 e per chi. In compenso questo lo sa chi, parlando di pi\u00f9 aerei, portaerei, carri armati e bombe, manda messaggi incoraggianti a chi su queste cose e sui morti ci specula.\u201d (parole di Fabio Mini, che \u00e8 un generale della Riserva, come si dice fra i militari \u2013 cio\u00e8 in pensione).<\/p>\n<p>Lo sa anche la mia cagnetta che l\u2019Afghanistan non \u00e8 un posto governabile con le armi. A Barack Obama hanno dato il Nobel per la pace 2009, quindi il suo obiettivo obiettivo strategico \u00e8 senz&#8217;altro la pace. Penso di scrivere una mail alla Casa Bianca per proporre Billa come capo delle truppe. Lei sa come uscire da questa situazione.<\/p>\n","protected":false},"excerpt":{"rendered":"<p>Stamane sono rientrate le salme dei quattro alpini uccisi in Afghanistan, mentre su la Repubblica leggo: \u201cLa situazione reale dell\u2019Afghanistan \u00e8 di una linearit\u00e0 imbarazzante. Nessun contingente \u00e8 male armato, la Nato soffre di eccesso di potenza e non di &hellip; <a href=\"https:\/\/lacittafutura.net\/adrianozanon\/2010\/10\/11\/exit-strategy\/\">Continua a leggere<span class=\"meta-nav\">&rarr;<\/span><\/a><\/p>\n","protected":false},"author":6,"featured_media":0,"comment_status":"open","ping_status":"open","sticky":false,"template":"","format":"standard","meta":{"footnotes":""},"categories":[11],"tags":[16],"class_list":["post-34","post","type-post","status-publish","format-standard","hentry","category-pol","tag-gue"],"_links":{"self":[{"href":"https:\/\/lacittafutura.net\/adrianozanon\/wp-json\/wp\/v2\/posts\/34","targetHints":{"allow":["GET"]}}],"collection":[{"href":"https:\/\/lacittafutura.net\/adrianozanon\/wp-json\/wp\/v2\/posts"}],"about":[{"href":"https:\/\/lacittafutura.net\/adrianozanon\/wp-json\/wp\/v2\/types\/post"}],"author":[{"embeddable":true,"href":"https:\/\/lacittafutura.net\/adrianozanon\/wp-json\/wp\/v2\/users\/6"}],"replies":[{"embeddable":true,"href":"https:\/\/lacittafutura.net\/adrianozanon\/wp-json\/wp\/v2\/comments?post=34"}],"version-history":[{"count":11,"href":"https:\/\/lacittafutura.net\/adrianozanon\/wp-json\/wp\/v2\/posts\/34\/revisions"}],"predecessor-version":[{"id":38,"href":"https:\/\/lacittafutura.net\/adrianozanon\/wp-json\/wp\/v2\/posts\/34\/revisions\/38"}],"wp:attachment":[{"href":"https:\/\/lacittafutura.net\/adrianozanon\/wp-json\/wp\/v2\/media?parent=34"}],"wp:term":[{"taxonomy":"category","embeddable":true,"href":"https:\/\/lacittafutura.net\/adrianozanon\/wp-json\/wp\/v2\/categories?post=34"},{"taxonomy":"post_tag","embeddable":true,"href":"https:\/\/lacittafutura.net\/adrianozanon\/wp-json\/wp\/v2\/tags?post=34"}],"curies":[{"name":"wp","href":"https:\/\/api.w.org\/{rel}","templated":true}]}}