{"id":3271,"date":"2012-02-29T06:18:35","date_gmt":"2012-02-29T06:18:35","guid":{"rendered":"http:\/\/lacittafutura.net\/adrianozanon\/?p=3271"},"modified":"2012-03-02T17:59:20","modified_gmt":"2012-03-02T17:59:20","slug":"il-dramma-di-walter","status":"publish","type":"post","link":"https:\/\/lacittafutura.net\/adrianozanon\/2012\/02\/29\/il-dramma-di-walter\/","title":{"rendered":"Il dramma di Walter"},"content":{"rendered":"<p>Nichi Vendola (Sinistra Ecologia Libert\u00e0) ha detto che Walter Veltroni (Partito Democratico) \u00e8 per una politica liberista, cio\u00e8 di destra. Walter si \u00e8 offeso. Apprezzerebbe le scuse. Lui di fatto non accetta la funzione d=\u0192(l), dove l \u00e8 la (poco) variabile liberista e d \u00e8 un campo della destra. Forse non l&#8217;ha neanche ben capita, comunque non l&#8217;accetta. Magari ha un braccio destro, o uno sinistro, non si sa mai, che gliela spiega.<\/p>\n","protected":false},"excerpt":{"rendered":"<p>Nichi Vendola (Sinistra Ecologia Libert\u00e0) ha detto che Walter Veltroni (Partito Democratico) \u00e8 per una politica liberista, cio\u00e8 di destra. Walter si \u00e8 offeso. Apprezzerebbe le scuse. Lui di fatto non accetta la funzione d=\u0192(l), dove l \u00e8 la (poco) &hellip; <a href=\"https:\/\/lacittafutura.net\/adrianozanon\/2012\/02\/29\/il-dramma-di-walter\/\">Continua a leggere<span class=\"meta-nav\">&rarr;<\/span><\/a><\/p>\n","protected":false},"author":6,"featured_media":0,"comment_status":"open","ping_status":"open","sticky":false,"template":"","format":"standard","meta":{"footnotes":""},"categories":[11],"tags":[45,21,22],"class_list":["post-3271","post","type-post","status-publish","format-standard","hentry","category-pol","tag-destra","tag-pd","tag-sin"],"_links":{"self":[{"href":"https:\/\/lacittafutura.net\/adrianozanon\/wp-json\/wp\/v2\/posts\/3271","targetHints":{"allow":["GET"]}}],"collection":[{"href":"https:\/\/lacittafutura.net\/adrianozanon\/wp-json\/wp\/v2\/posts"}],"about":[{"href":"https:\/\/lacittafutura.net\/adrianozanon\/wp-json\/wp\/v2\/types\/post"}],"author":[{"embeddable":true,"href":"https:\/\/lacittafutura.net\/adrianozanon\/wp-json\/wp\/v2\/users\/6"}],"replies":[{"embeddable":true,"href":"https:\/\/lacittafutura.net\/adrianozanon\/wp-json\/wp\/v2\/comments?post=3271"}],"version-history":[{"count":12,"href":"https:\/\/lacittafutura.net\/adrianozanon\/wp-json\/wp\/v2\/posts\/3271\/revisions"}],"predecessor-version":[{"id":3305,"href":"https:\/\/lacittafutura.net\/adrianozanon\/wp-json\/wp\/v2\/posts\/3271\/revisions\/3305"}],"wp:attachment":[{"href":"https:\/\/lacittafutura.net\/adrianozanon\/wp-json\/wp\/v2\/media?parent=3271"}],"wp:term":[{"taxonomy":"category","embeddable":true,"href":"https:\/\/lacittafutura.net\/adrianozanon\/wp-json\/wp\/v2\/categories?post=3271"},{"taxonomy":"post_tag","embeddable":true,"href":"https:\/\/lacittafutura.net\/adrianozanon\/wp-json\/wp\/v2\/tags?post=3271"}],"curies":[{"name":"wp","href":"https:\/\/api.w.org\/{rel}","templated":true}]}}