{"id":3265,"date":"2012-02-28T22:41:13","date_gmt":"2012-02-28T22:41:13","guid":{"rendered":"http:\/\/lacittafutura.net\/adrianozanon\/?p=3265"},"modified":"2012-02-28T22:43:24","modified_gmt":"2012-02-28T22:43:24","slug":"lorgano-delludito","status":"publish","type":"post","link":"https:\/\/lacittafutura.net\/adrianozanon\/2012\/02\/28\/lorgano-delludito\/","title":{"rendered":"L&#8217;organo dell&#8217;udito"},"content":{"rendered":"<div id=\"attachment_3266\" style=\"width: 610px\" class=\"wp-caption alignleft\"><a href=\"http:\/\/lacittafutura.net\/adrianozanon\/files\/2012\/02\/20120228_no_tav_28_febbraio_2012.jpg\"><img loading=\"lazy\" decoding=\"async\" aria-describedby=\"caption-attachment-3266\" class=\"size-full wp-image-3266\" title=\"No Tav 28 febbraio 2012\" src=\"http:\/\/lacittafutura.net\/adrianozanon\/files\/2012\/02\/20120228_no_tav_28_febbraio_2012.jpg\" alt=\"\" width=\"600\" height=\"450\" srcset=\"https:\/\/lacittafutura.net\/adrianozanon\/files\/2012\/02\/20120228_no_tav_28_febbraio_2012.jpg 600w, https:\/\/lacittafutura.net\/adrianozanon\/files\/2012\/02\/20120228_no_tav_28_febbraio_2012-300x225.jpg 300w\" sizes=\"auto, (max-width: 600px) 100vw, 600px\" \/><\/a><p id=\"caption-attachment-3266\" class=\"wp-caption-text\">No Tav, 28 febbraio 2012<\/p><\/div>\n<p>Cos\u00ec <a title=\"Link a notav.info\" href=\"http:\/\/www.notav.info\/top\/come-se-niente-fosse-marco-revelli\/\">oggi<\/a> Marco Revelli:<\/p>\n<h5>Non si tratta solo della pressione repressiva, che d\u2019altra parte in Val di Susa si \u00e8 fatta soffocante, ai limiti della tollerabilit\u00e0 costituzionale e anche oltre. Si tratta di una cosa pi\u00f9 complessa che riguarda il delicato rapporto tra rappresentanti e rappresentati, giunto davvero \u2013 per lo meno sul piano nazionale \u2013 al punto di rottura, forse irreversibile. Si tratta di quell\u2019organo essenziale in ogni democrazia (e che manca in ogni dittatura) che \u00e8 l\u2019udito: la capacit\u00e0 di ascoltare le voci della societ\u00e0, dei suoi diversi \u201cpezzi\u201d, e di dar loro il giusto peso, come condizione per mantenere \u201ccoeso\u201d un Paese, ed evitare l\u2019esodo delle sue parti vitali.<\/h5>\n","protected":false},"excerpt":{"rendered":"<p>Cos\u00ec oggi Marco Revelli: Non si tratta solo della pressione repressiva, che d\u2019altra parte in Val di Susa si \u00e8 fatta soffocante, ai limiti della tollerabilit\u00e0 costituzionale e anche oltre. Si tratta di una cosa pi\u00f9 complessa che riguarda il &hellip; <a href=\"https:\/\/lacittafutura.net\/adrianozanon\/2012\/02\/28\/lorgano-delludito\/\">Continua a leggere<span class=\"meta-nav\">&rarr;<\/span><\/a><\/p>\n","protected":false},"author":6,"featured_media":0,"comment_status":"open","ping_status":"open","sticky":false,"template":"","format":"standard","meta":{"footnotes":""},"categories":[9,11],"tags":[95],"class_list":["post-3265","post","type-post","status-publish","format-standard","hentry","category-eco-lo","category-pol","tag-notav"],"_links":{"self":[{"href":"https:\/\/lacittafutura.net\/adrianozanon\/wp-json\/wp\/v2\/posts\/3265","targetHints":{"allow":["GET"]}}],"collection":[{"href":"https:\/\/lacittafutura.net\/adrianozanon\/wp-json\/wp\/v2\/posts"}],"about":[{"href":"https:\/\/lacittafutura.net\/adrianozanon\/wp-json\/wp\/v2\/types\/post"}],"author":[{"embeddable":true,"href":"https:\/\/lacittafutura.net\/adrianozanon\/wp-json\/wp\/v2\/users\/6"}],"replies":[{"embeddable":true,"href":"https:\/\/lacittafutura.net\/adrianozanon\/wp-json\/wp\/v2\/comments?post=3265"}],"version-history":[{"count":4,"href":"https:\/\/lacittafutura.net\/adrianozanon\/wp-json\/wp\/v2\/posts\/3265\/revisions"}],"predecessor-version":[{"id":3270,"href":"https:\/\/lacittafutura.net\/adrianozanon\/wp-json\/wp\/v2\/posts\/3265\/revisions\/3270"}],"wp:attachment":[{"href":"https:\/\/lacittafutura.net\/adrianozanon\/wp-json\/wp\/v2\/media?parent=3265"}],"wp:term":[{"taxonomy":"category","embeddable":true,"href":"https:\/\/lacittafutura.net\/adrianozanon\/wp-json\/wp\/v2\/categories?post=3265"},{"taxonomy":"post_tag","embeddable":true,"href":"https:\/\/lacittafutura.net\/adrianozanon\/wp-json\/wp\/v2\/tags?post=3265"}],"curies":[{"name":"wp","href":"https:\/\/api.w.org\/{rel}","templated":true}]}}