{"id":3233,"date":"2012-02-24T22:53:19","date_gmt":"2012-02-24T22:53:19","guid":{"rendered":"http:\/\/lacittafutura.net\/adrianozanon\/?p=3233"},"modified":"2012-02-25T09:50:44","modified_gmt":"2012-02-25T09:50:44","slug":"il-gesuita-che-ci-mancava","status":"publish","type":"post","link":"https:\/\/lacittafutura.net\/adrianozanon\/2012\/02\/24\/il-gesuita-che-ci-mancava\/","title":{"rendered":"Il gesuita che ci mancava"},"content":{"rendered":"<p>Primi cento giorni di governo Monti e intere pagine dei giornali nuovamente dedicate ad aspetti personali del leader e dei suoi ministri.<\/p>\n<p>Sulle idee di Mario Monti non ci\u00a0sono certo\u00a0misteri. C&#8217;\u00e8 anche un&#8217;intera rassegna storica nell&#8217;archivio del <em>Corriere della Sera<\/em> che ospita ben 72 <a href=\"http:\/\/sitesearch.corriere.it\/archivioStoricoEngine\">articoli<\/a> pubblicati dal 1992 alla vigilia dell\u2019insediamento a Palazzo Chigi. Si conoscono meno le caratteristiche personali, psicologiche e morali, umane, ma da un <a href=\"http:\/\/www3.lastampa.it\/politica\/sezioni\/articolo\/lstp\/443801\/\">articolo<\/a> di Fabio Martini su <em>La Stampa<\/em> di\u00a0oggi\u00a0abbiamo notizia\u00a0di un tratto fondamentale\u00a0dello stile del capo del governo.<\/p>\n<h5><span style=\"color: #000080;\">(\u2026) \u00e8 stato il cancelliere Gerhard Schroeder, spossato da un lungo negoziato, a cogliere da dove venissero quelle caratteristiche: \u00abLei ha studiato dai Gesuiti? S\u00ec? Ecco perch\u00e9 argomenta, argomenta, argomenta e non concede mai niente\u00bb. Ha chiosato Monti: \u00abQuelle capacit\u00e0 le avevo apprese dai gesuiti del Leone XIII di Milano dove ho studiato dieci anni\u00bb. Proprio in quegli anni si impartivano agli alunni quelle regole della modestia, che sembrano ritrovarsi in Monti. La prima regola, \u00abin tutte le azioni esteriori si veda modestia e umilt\u00e0\u00bb, ma anche la seconda: \u00abIl capo si volti leggermente in qua in l\u00e0, ma con gravit\u00e0\u00bb.<\/span><\/h5>\n<p>Della biografia di Monti, piuttosto monotona rispetto al suo predecessore, questo \u00e8 forse uno degli aspetti pi\u00f9 vivaci.\u00a0Su questo in questi mesi non sono mancati i malevoli,\u00a0ma la questione va vista dal lato migliore: abbiamo conferma\u00a0con chi abbiamo a che fare, un gesuita.<\/p>\n<p>Per chi non avesse dimestichezza con questa compagnia di cristiani, segnalo il sito dei <a href=\"http:\/\/www.gesuiti.it\/\">Gesuiti<\/a>, molto bello. Anzi consiglio subito la pagina sull\u2019<a href=\"http:\/\/www.gesuiti.it\/linguaggi\/1387\/listagenerica.asp\">umorismo<\/a>, anche se il nostro non mi pare ne sia molto attrezzato. E vi anticipo una barzelletta, ma ce ne sono di tutti i tipi.<\/p>\n<h5><span style=\"color: #000080;\">Si racconta che quando Dio cre\u00f2 il mondo, affinch\u00e9 gli ordini religiosi prosperassero decise di concedere loro due virt\u00f9 ciascuno. E cos\u00ec fece: I Legionari di Cristo li fece ordinati e rispettosi delle leggi. I Domenicani perseveranti e studiosi. Quelli dell&#8217;Opus Dei lavoratori e pazienti. I Benedettini colti e raffinati. I Francescani allegri e accoglienti. Quando arriv\u00f2 ai Gesuiti si rivolse all&#8217;Angelo che prendeva nota e gli disse: &#8220;I Gesuiti saranno intelligenti, onesti e di sinistra!&#8221;<\/span><\/h5>\n<h5><span style=\"color: #000080;\">Quando termin\u00f2 con la creazione, l&#8217;Angelo gli disse: &#8220;Signore, hai dato a tutti gli ordini due virt\u00f9, ma ai Gesuiti tre, questo far\u00e0 s\u00ec che prevarranno su tutti gli altri&#8221;. &#8220;\u00c8 vero! Ma le virt\u00f9 divine non si possono pi\u00f9 togliere: che i Gesuiti abbiano tre virt\u00f9! Per\u00f2 ogni persona non potr\u00e0 averne pi\u00f9 di due insieme&#8221;. Fu cos\u00ec che:<\/span><\/h5>\n<h5><span style=\"color: #333399;\"><span style=\"color: #000080;\">&#8211; Il Gesuita che \u00e8 di sinistra ed onesto, non pu\u00f2 essere intelligente.<br \/>\n&#8211; Il Gesuita che \u00e8 intelligente e di sinistra, non pu\u00f2 essere onesto.<br \/>\n<\/span>&#8211; Il Gesuita che \u00e8 intelligente ed onesto, non pu\u00f2 essere di sinistra&#8230;<\/span><\/h5>\n","protected":false},"excerpt":{"rendered":"<p>Primi cento giorni di governo Monti e intere pagine dei giornali nuovamente dedicate ad aspetti personali del leader e dei suoi ministri. Sulle idee di Mario Monti non ci\u00a0sono certo\u00a0misteri. C&#8217;\u00e8 anche un&#8217;intera rassegna storica nell&#8217;archivio del Corriere della Sera &hellip; <a href=\"https:\/\/lacittafutura.net\/adrianozanon\/2012\/02\/24\/il-gesuita-che-ci-mancava\/\">Continua a leggere<span class=\"meta-nav\">&rarr;<\/span><\/a><\/p>\n","protected":false},"author":6,"featured_media":0,"comment_status":"open","ping_status":"open","sticky":false,"template":"","format":"standard","meta":{"footnotes":""},"categories":[11],"tags":[93],"class_list":["post-3233","post","type-post","status-publish","format-standard","hentry","category-pol","tag-governo"],"_links":{"self":[{"href":"https:\/\/lacittafutura.net\/adrianozanon\/wp-json\/wp\/v2\/posts\/3233","targetHints":{"allow":["GET"]}}],"collection":[{"href":"https:\/\/lacittafutura.net\/adrianozanon\/wp-json\/wp\/v2\/posts"}],"about":[{"href":"https:\/\/lacittafutura.net\/adrianozanon\/wp-json\/wp\/v2\/types\/post"}],"author":[{"embeddable":true,"href":"https:\/\/lacittafutura.net\/adrianozanon\/wp-json\/wp\/v2\/users\/6"}],"replies":[{"embeddable":true,"href":"https:\/\/lacittafutura.net\/adrianozanon\/wp-json\/wp\/v2\/comments?post=3233"}],"version-history":[{"count":22,"href":"https:\/\/lacittafutura.net\/adrianozanon\/wp-json\/wp\/v2\/posts\/3233\/revisions"}],"predecessor-version":[{"id":3253,"href":"https:\/\/lacittafutura.net\/adrianozanon\/wp-json\/wp\/v2\/posts\/3233\/revisions\/3253"}],"wp:attachment":[{"href":"https:\/\/lacittafutura.net\/adrianozanon\/wp-json\/wp\/v2\/media?parent=3233"}],"wp:term":[{"taxonomy":"category","embeddable":true,"href":"https:\/\/lacittafutura.net\/adrianozanon\/wp-json\/wp\/v2\/categories?post=3233"},{"taxonomy":"post_tag","embeddable":true,"href":"https:\/\/lacittafutura.net\/adrianozanon\/wp-json\/wp\/v2\/tags?post=3233"}],"curies":[{"name":"wp","href":"https:\/\/api.w.org\/{rel}","templated":true}]}}