{"id":3205,"date":"2012-02-20T20:18:36","date_gmt":"2012-02-20T20:18:36","guid":{"rendered":"http:\/\/lacittafutura.net\/adrianozanon\/?p=3205"},"modified":"2012-02-24T15:59:50","modified_gmt":"2012-02-24T15:59:50","slug":"unidea-di-citta","status":"publish","type":"post","link":"https:\/\/lacittafutura.net\/adrianozanon\/2012\/02\/20\/unidea-di-citta\/","title":{"rendered":"&#8220;Un&#8217;idea di citt\u00e0&#8221;"},"content":{"rendered":"<p><strong>A proposito di Piano di Assetto del Territorio (Pat),<\/strong> che a Portogruaro dovrebbe trovarsi ormai a buon punto, riportiamo alcune battute dell\u2019intervista all\u2019<strong>assessore all\u2019Urbanistica di Milano, Ada Lucia De Cesaris<\/strong>, pubblicata <a href=\"http:\/\/eddyburg.it\/article\/articleview\/18577\/0\/38\/\">oggi<\/a> su <em>la Repubblica Milano<\/em>. (A Milano si chiama Piano di Governo del Territorio, Pgt.)<\/p>\n<h5><span style=\"color: #333399;\"><em>Qual \u00e8 il disegno di citt\u00e0 che viene fuori da questo Pgt?<\/em><br \/>\n\u00abQuesto Piano ha in s\u00e9 un\u2019idea di citt\u00e0 in cui lo sviluppo non pu\u00f2 coincidere con un\u2019incondizionata crescita edilizia. Al centro di ogni trasformazione urbana deve esserci l\u2019interesse collettivo, il miglioramento della qualit\u00e0 della vita\u00bb.<\/span><\/h5>\n<h5><span style=\"color: #333399;\"><em>Non teme l\u2019opposizione dei costruttori?<br \/>\n<\/em>\u00abParlare di indici in un momento di crisi del mercato non ha molto senso. Quello che il Pgt mette in gioco \u00e8 la possibilit\u00e0 di costruire rispondendo alle effettive esigenze dell\u2019abitare, di rimettere in comunicazione domanda e offerta reali\u00bb.<\/span><\/h5>\n<h5><span style=\"color: #333399;\"><em>A cosa si riferisce, all\u2019housing sociale?<br \/>\n<\/em>\u00abSicuramente la residenza sociale, in tutte le sue declinazioni, \u00e8 la vera scommessa. Ma penso anche alla possibilit\u00e0 di realizzare trasformazioni che poi non rischino di morire ancora prima di essere terminate o che siano prive di collegamenti, parchi, strutture pubbliche\u00bb.<\/span><\/h5>\n<h5><span style=\"color: #333399;\"><em>Questo Pgt non \u00e8 stato scritto ex novo dalla giunta. Qual \u00e8 il cambiamento di cui \u00e8 pi\u00f9 orgogliosa e quale, invece, quello che non \u00e8 riuscita a fare?<br \/>\n<\/em>\u00abSicuramente questo non \u00e8 il mio Piano. Ma sono molto contenta delle scelte fatte per il Parco Sud, di aver limitato una pioggia di volumetrie che difficilmente avremmo gestito. Attraverso la rilettura delle osservazioni, poi, abbiamo ridato, non in modo ideologico, una funzione alla reg\u00eca pubblica. So, invece, che tutta la parte relativa alla mobilit\u00e0 e alle infrastrutture \u00e8 rimasta debole: dovremo occuparci quanto prima del Piano urbano della mobilit\u00e0\u00bb.<\/span><\/h5>\n<h5><span style=\"color: #333399;\"><em>L\u2019opposizione vi accusa di aver stravolto il Pgt.<br \/>\n<\/em>\u00abNon \u00e8 stato stravolto. Abbiamo ascoltato la citt\u00e0, recepito i pareri dei vari enti, tenuto conto dell\u2019esito dei referendum ambientali. Un Pgt \u00e8 sempre la sintesi della proposta che fa un\u2019amministrazione e delle osservazioni dei cittadini, che comportano inevitabilmente modifiche e aggiornamenti\u00bb.<\/span><\/h5>\n<h5><span style=\"color: #333399;\"><em>Crede che, economicamente, l\u2019impianto stia in piedi?<br \/>\n<\/em>\u00abPer noi i conti tornano. Certo, a chi consuma un bene come il suolo chiediamo di partecipare alla costruzione della citt\u00e0 pubblica con case di edilizia sociale, con servizi\u00bb.<\/span><\/h5>\n<h5><span style=\"color: #333399;\"><em>Teme ricorsi?<br \/>\n<\/em>\u00abUn ricorso non si nega a nessuno. Il vecchio Piano \u00e8 stato impugnato ancora prima di essere pubblicato e, nella mia storia professionale di avvocato, non ho notizie di Pgt che non lo siano stati. L\u2019importante \u00e8 aver lavorato nel rispetto della legge\u00bb.<\/span><\/h5>\n","protected":false},"excerpt":{"rendered":"<p>A proposito di Piano di Assetto del Territorio (Pat), che a Portogruaro dovrebbe trovarsi ormai a buon punto, riportiamo alcune battute dell\u2019intervista all\u2019assessore all\u2019Urbanistica di Milano, Ada Lucia De Cesaris, pubblicata oggi su la Repubblica Milano. (A Milano si chiama &hellip; <a href=\"https:\/\/lacittafutura.net\/adrianozanon\/2012\/02\/20\/unidea-di-citta\/\">Continua a leggere<span class=\"meta-nav\">&rarr;<\/span><\/a><\/p>\n","protected":false},"author":6,"featured_media":0,"comment_status":"open","ping_status":"open","sticky":false,"template":"","format":"standard","meta":{"footnotes":""},"categories":[11],"tags":[77,90],"class_list":["post-3205","post","type-post","status-publish","format-standard","hentry","category-pol","tag-comune","tag-pat"],"_links":{"self":[{"href":"https:\/\/lacittafutura.net\/adrianozanon\/wp-json\/wp\/v2\/posts\/3205","targetHints":{"allow":["GET"]}}],"collection":[{"href":"https:\/\/lacittafutura.net\/adrianozanon\/wp-json\/wp\/v2\/posts"}],"about":[{"href":"https:\/\/lacittafutura.net\/adrianozanon\/wp-json\/wp\/v2\/types\/post"}],"author":[{"embeddable":true,"href":"https:\/\/lacittafutura.net\/adrianozanon\/wp-json\/wp\/v2\/users\/6"}],"replies":[{"embeddable":true,"href":"https:\/\/lacittafutura.net\/adrianozanon\/wp-json\/wp\/v2\/comments?post=3205"}],"version-history":[{"count":19,"href":"https:\/\/lacittafutura.net\/adrianozanon\/wp-json\/wp\/v2\/posts\/3205\/revisions"}],"predecessor-version":[{"id":3235,"href":"https:\/\/lacittafutura.net\/adrianozanon\/wp-json\/wp\/v2\/posts\/3205\/revisions\/3235"}],"wp:attachment":[{"href":"https:\/\/lacittafutura.net\/adrianozanon\/wp-json\/wp\/v2\/media?parent=3205"}],"wp:term":[{"taxonomy":"category","embeddable":true,"href":"https:\/\/lacittafutura.net\/adrianozanon\/wp-json\/wp\/v2\/categories?post=3205"},{"taxonomy":"post_tag","embeddable":true,"href":"https:\/\/lacittafutura.net\/adrianozanon\/wp-json\/wp\/v2\/tags?post=3205"}],"curies":[{"name":"wp","href":"https:\/\/api.w.org\/{rel}","templated":true}]}}