{"id":3155,"date":"2012-02-14T22:19:19","date_gmt":"2012-02-14T22:19:19","guid":{"rendered":"http:\/\/lacittafutura.net\/adrianozanon\/?p=3155"},"modified":"2012-02-15T06:29:05","modified_gmt":"2012-02-15T06:29:05","slug":"la-nostra-fortuna","status":"publish","type":"post","link":"https:\/\/lacittafutura.net\/adrianozanon\/2012\/02\/14\/la-nostra-fortuna\/","title":{"rendered":"La nostra fortuna"},"content":{"rendered":"<p>La sentenza di primo grado del Tribunale di Torino, con la condanna a sedici anni di carcere ai responsabili della Eternit,\u00a0ci ha dato un po&#8217; di giustizia, ma ci fa ricordare che non \u00e8 un caso isolato.<\/p>\n<p>Cos\u00ec \u00e8 molto triste e ancora\u00a0sinistra la causa ancora in piedi, ma sembra per poco perch\u00e9 in via di prescrizione, presso il tribunale di Paola, in Calabria, per i morti di Praia a Mare, legati alle produzioni della <a title=\"Link al Corriere della Calabria\" href=\"http:\/\/www.corrieredellacalabria.it\/stories\/Cronaca\/57_marlane_per_chi_suona_la_campana\/\">Marlane<\/a>, fabbrica di Marzotto.\u00a0\u00a0<\/p>\n<h5>\u00abNello stabilimento Marlane \u2013 si legge nella relazione tecnica effettuata dal consulente tecnico della Procura di Paola, Giacomino Brancati \u2013 in relazione alla tipologia delle sostanze chimiche utilizzate, alle modalit\u00e0 di impiego delle stesse sostanze nei processi lavorativi, alla conformazione degli ambienti di lavoro e alle cautele per la sicurezza dei lavoratori adottate, vi \u00e8 stata un&#8217;esposizione eccessiva dei dipendenti a sostanze nocive potenzialmente cancerogene\u00bb. Per il tecnico che ha passato in rassegna alcuni casi sospetti di cancro contratto dagli operai della fabbrica di tessuti, \u00absulla base dell&#8217;analisi epidemiologica effettuata, \u00e8 evidente un nesso di causalit\u00e0 tra le sindromi tumorali sofferte dai dipendenti e i processi lavorativi utilizzati nel ciclo produttivo in corso all&#8217;interno dello stabilimento Marlane\u00bb.<\/h5>\n<p>Con noi Marzotto \u00e8 stato molto pi\u00f9 generoso, ci ha\u00a0lasciato la villa comunale.<\/p>\n","protected":false},"excerpt":{"rendered":"<p>La sentenza di primo grado del Tribunale di Torino, con la condanna a sedici anni di carcere ai responsabili della Eternit,\u00a0ci ha dato un po&#8217; di giustizia, ma ci fa ricordare che non \u00e8 un caso isolato. Cos\u00ec \u00e8 molto &hellip; <a href=\"https:\/\/lacittafutura.net\/adrianozanon\/2012\/02\/14\/la-nostra-fortuna\/\">Continua a leggere<span class=\"meta-nav\">&rarr;<\/span><\/a><\/p>\n","protected":false},"author":6,"featured_media":0,"comment_status":"open","ping_status":"open","sticky":false,"template":"","format":"standard","meta":{"footnotes":""},"categories":[9],"tags":[28],"class_list":["post-3155","post","type-post","status-publish","format-standard","hentry","category-eco-lo","tag-sal"],"_links":{"self":[{"href":"https:\/\/lacittafutura.net\/adrianozanon\/wp-json\/wp\/v2\/posts\/3155","targetHints":{"allow":["GET"]}}],"collection":[{"href":"https:\/\/lacittafutura.net\/adrianozanon\/wp-json\/wp\/v2\/posts"}],"about":[{"href":"https:\/\/lacittafutura.net\/adrianozanon\/wp-json\/wp\/v2\/types\/post"}],"author":[{"embeddable":true,"href":"https:\/\/lacittafutura.net\/adrianozanon\/wp-json\/wp\/v2\/users\/6"}],"replies":[{"embeddable":true,"href":"https:\/\/lacittafutura.net\/adrianozanon\/wp-json\/wp\/v2\/comments?post=3155"}],"version-history":[{"count":9,"href":"https:\/\/lacittafutura.net\/adrianozanon\/wp-json\/wp\/v2\/posts\/3155\/revisions"}],"predecessor-version":[{"id":3163,"href":"https:\/\/lacittafutura.net\/adrianozanon\/wp-json\/wp\/v2\/posts\/3155\/revisions\/3163"}],"wp:attachment":[{"href":"https:\/\/lacittafutura.net\/adrianozanon\/wp-json\/wp\/v2\/media?parent=3155"}],"wp:term":[{"taxonomy":"category","embeddable":true,"href":"https:\/\/lacittafutura.net\/adrianozanon\/wp-json\/wp\/v2\/categories?post=3155"},{"taxonomy":"post_tag","embeddable":true,"href":"https:\/\/lacittafutura.net\/adrianozanon\/wp-json\/wp\/v2\/tags?post=3155"}],"curies":[{"name":"wp","href":"https:\/\/api.w.org\/{rel}","templated":true}]}}