{"id":2676,"date":"2011-11-01T17:45:21","date_gmt":"2011-11-01T17:45:21","guid":{"rendered":"http:\/\/lacittafutura.net\/adrianozanon\/?p=2676"},"modified":"2011-11-01T17:46:59","modified_gmt":"2011-11-01T17:46:59","slug":"cemento-zero","status":"publish","type":"post","link":"https:\/\/lacittafutura.net\/adrianozanon\/2011\/11\/01\/cemento-zero\/","title":{"rendered":"Cemento zero"},"content":{"rendered":"<p>Sabato\u00a029 ottobre a Cassinetta di Lugagnano,\u00a0un comune poco sotto Milano,\u00a0si \u00e8 tenuto il forum &#8220;<a title=\"Link al sito del forum &quot;Salviamo il paesaggio&quot;\" href=\"http:\/\/www.salviamoilpaesaggio.it\/blog\/\">Salviamo il paesaggio<\/a>&#8220;, incontro che pu\u00f2 segnare una data storica\u00a0nelle politiche amministrative dei comuni italiani.<\/p>\n<p>Riporto dal Corriere della Sera <a title=\"Link al Corriere della Sera online\" href=\"http:\/\/www.corriere.it\/ambiente\/11_ottobre_30\/patto-paesaggi-damico_780f66f0-03b3-11e1-af48-d19489409c54.shtml\">online<\/a>:<\/p>\n<h5>Alla fine il \u00abMessia\u00bb, come qualche oppositore politico ha pensato bene di soprannominare il sindaco di Cassinetta di Lugagnano, Domenico Finiguerra, ce l&#8217;ha fatta e ha messo d&#8217;accordo tutti. Lasciati sfogare in mattinata gli animi degli oppositori pi\u00f9 accesi all&#8217;Expo, i partecipanti al forum \u00abSalviamo il paesaggio\u00bb arrivati da tutta Italia sabato 29 ottobre si sono seduti a scrivere il progetto di legge di iniziativa popolare a tutela del suolo e del paesaggio, che si prefigge di bissare il risultato ottenuto dai comitati referendari per l&#8217;acqua pubblica. Un progetto che, innanzi tutto, promuove un censimento a tappeto di ogni edificio e capannone vuoto presente nel Paese e una moratoria dei piani regolatori.<\/h5>\n<h5>La crociata contro la cementificazione selvaggia passa da qui. E la raccolta di firme (50 mila) \u00e8 gi\u00e0 cominciata. Finiguerra da un palco singolare, ricavato nel parco pubblico, perch\u00e9 i partecipanti alla convention avevano superato ogni aspettativa e lo spazio comunale non era in grado di ospitarli, ha lanciato un messaggio politico: \u00abChiediamo ai partiti e alla politica di assumersi le loro responsabilit\u00e0. Bersani si levi dalla testa di arrivare agli ultimi 100 metri per raccogliere i frutti della maratona del lavoro degli altri, come ha fatto per l&#8217;acqua. Bisogna scegliere. Non si pu\u00f2 andare al mattino al convegno di Slow Food e al pomeriggio a quello di Confindustria a parlare di grandi opere. Questo \u00e8 il territorio che l&#8217;Expo 2015 lo vive sulla propria pelle e sarebbe una vera rivoluzione avere almeno una parte di Expo a cemento zero\u00bb.<\/h5>\n<p>Chi non conoscesse Domenico Finiguerra pu\u00f2 cogliere da questo video di YouTube, un Report della scorsa primavera, l&#8217;essenza della sua posizione politica.<\/p>\n<p>[youtube]http:\/\/www.youtube.com\/watch?v=0b6FUeEzVkE[\/youtube]<\/p>\n","protected":false},"excerpt":{"rendered":"<p>Sabato\u00a029 ottobre a Cassinetta di Lugagnano,\u00a0un comune poco sotto Milano,\u00a0si \u00e8 tenuto il forum &#8220;Salviamo il paesaggio&#8220;, incontro che pu\u00f2 segnare una data storica\u00a0nelle politiche amministrative dei comuni italiani. Riporto dal Corriere della Sera online: Alla fine il \u00abMessia\u00bb, come &hellip; <a href=\"https:\/\/lacittafutura.net\/adrianozanon\/2011\/11\/01\/cemento-zero\/\">Continua a leggere<span class=\"meta-nav\">&rarr;<\/span><\/a><\/p>\n","protected":false},"author":6,"featured_media":0,"comment_status":"open","ping_status":"open","sticky":false,"template":"","format":"standard","meta":{"footnotes":""},"categories":[9,10],"tags":[23,81],"class_list":["post-2676","post","type-post","status-publish","format-standard","hentry","category-eco-lo","category-eco-no","tag-dec","tag-suolo"],"_links":{"self":[{"href":"https:\/\/lacittafutura.net\/adrianozanon\/wp-json\/wp\/v2\/posts\/2676","targetHints":{"allow":["GET"]}}],"collection":[{"href":"https:\/\/lacittafutura.net\/adrianozanon\/wp-json\/wp\/v2\/posts"}],"about":[{"href":"https:\/\/lacittafutura.net\/adrianozanon\/wp-json\/wp\/v2\/types\/post"}],"author":[{"embeddable":true,"href":"https:\/\/lacittafutura.net\/adrianozanon\/wp-json\/wp\/v2\/users\/6"}],"replies":[{"embeddable":true,"href":"https:\/\/lacittafutura.net\/adrianozanon\/wp-json\/wp\/v2\/comments?post=2676"}],"version-history":[{"count":20,"href":"https:\/\/lacittafutura.net\/adrianozanon\/wp-json\/wp\/v2\/posts\/2676\/revisions"}],"predecessor-version":[{"id":2700,"href":"https:\/\/lacittafutura.net\/adrianozanon\/wp-json\/wp\/v2\/posts\/2676\/revisions\/2700"}],"wp:attachment":[{"href":"https:\/\/lacittafutura.net\/adrianozanon\/wp-json\/wp\/v2\/media?parent=2676"}],"wp:term":[{"taxonomy":"category","embeddable":true,"href":"https:\/\/lacittafutura.net\/adrianozanon\/wp-json\/wp\/v2\/categories?post=2676"},{"taxonomy":"post_tag","embeddable":true,"href":"https:\/\/lacittafutura.net\/adrianozanon\/wp-json\/wp\/v2\/tags?post=2676"}],"curies":[{"name":"wp","href":"https:\/\/api.w.org\/{rel}","templated":true}]}}