{"id":2660,"date":"2011-10-28T01:59:52","date_gmt":"2011-10-28T01:59:52","guid":{"rendered":"http:\/\/lacittafutura.net\/adrianozanon\/?p=2660"},"modified":"2011-11-18T11:14:06","modified_gmt":"2011-11-18T11:14:06","slug":"coma-na-cica-dismintiada","status":"publish","type":"post","link":"https:\/\/lacittafutura.net\/adrianozanon\/2011\/10\/28\/coma-na-cica-dismintiada\/","title":{"rendered":"&#8220;Coma &#8216;na cica dismintiada&#8221;"},"content":{"rendered":"<p><strong>Veciu<\/strong><span style=\"color: #000000;\"> <\/span><\/p>\n<p>I voi mur\u00ed<br \/>\nveciu<br \/>\nsint\u00e0t f\u00f2ur la puarta di ciasa<br \/>\nun giat c\u2019ha si russa ta li barghessis<br \/>\nil fres-c da la not di est\u00e0t<br \/>\nch\u2019al ven su pa li giambis<br \/>\nil got dal neri tal taul\u00edn<br \/>\ndistudami plan planc<br \/>\ncoma \u2018na cica dismintiada.<\/p>\n<h5><em>Vecchio.<\/em> Voglio morire\/ vecchio\/ seduto fuori la porta di casa\/ un gatto che si strofina sui pantaloni\/ il fresco della notte d&#8217;estate\/ che sale per le gambe\/ il bicchiere del rosso sul tavolino\/ spegnermi pian piano\/ come una cicca dimenticata.<\/h5>\n<p>Silvio Ornella, <em>Il polver ta la m\u00e0nia\/ La polvere sulla manica<\/em>, Circolo culturale Menocchio, Montereale Valcellina (Pn) 2011.<\/p>\n","protected":false},"excerpt":{"rendered":"<p>Veciu I voi mur\u00ed veciu sint\u00e0t f\u00f2ur la puarta di ciasa un giat c\u2019ha si russa ta li barghessis il fres-c da la not di est\u00e0t ch\u2019al ven su pa li giambis il got dal neri tal taul\u00edn distudami plan &hellip; <a href=\"https:\/\/lacittafutura.net\/adrianozanon\/2011\/10\/28\/coma-na-cica-dismintiada\/\">Continua a leggere<span class=\"meta-nav\">&rarr;<\/span><\/a><\/p>\n","protected":false},"author":6,"featured_media":0,"comment_status":"open","ping_status":"open","sticky":false,"template":"","format":"standard","meta":{"footnotes":""},"categories":[13],"tags":[202],"class_list":["post-2660","post","type-post","status-publish","format-standard","hentry","category-poesia","tag-poesia"],"_links":{"self":[{"href":"https:\/\/lacittafutura.net\/adrianozanon\/wp-json\/wp\/v2\/posts\/2660","targetHints":{"allow":["GET"]}}],"collection":[{"href":"https:\/\/lacittafutura.net\/adrianozanon\/wp-json\/wp\/v2\/posts"}],"about":[{"href":"https:\/\/lacittafutura.net\/adrianozanon\/wp-json\/wp\/v2\/types\/post"}],"author":[{"embeddable":true,"href":"https:\/\/lacittafutura.net\/adrianozanon\/wp-json\/wp\/v2\/users\/6"}],"replies":[{"embeddable":true,"href":"https:\/\/lacittafutura.net\/adrianozanon\/wp-json\/wp\/v2\/comments?post=2660"}],"version-history":[{"count":16,"href":"https:\/\/lacittafutura.net\/adrianozanon\/wp-json\/wp\/v2\/posts\/2660\/revisions"}],"predecessor-version":[{"id":2667,"href":"https:\/\/lacittafutura.net\/adrianozanon\/wp-json\/wp\/v2\/posts\/2660\/revisions\/2667"}],"wp:attachment":[{"href":"https:\/\/lacittafutura.net\/adrianozanon\/wp-json\/wp\/v2\/media?parent=2660"}],"wp:term":[{"taxonomy":"category","embeddable":true,"href":"https:\/\/lacittafutura.net\/adrianozanon\/wp-json\/wp\/v2\/categories?post=2660"},{"taxonomy":"post_tag","embeddable":true,"href":"https:\/\/lacittafutura.net\/adrianozanon\/wp-json\/wp\/v2\/tags?post=2660"}],"curies":[{"name":"wp","href":"https:\/\/api.w.org\/{rel}","templated":true}]}}