{"id":2604,"date":"2011-10-18T22:15:23","date_gmt":"2011-10-18T22:15:23","guid":{"rendered":"http:\/\/lacittafutura.net\/adrianozanon\/?p=2604"},"modified":"2011-10-18T22:15:23","modified_gmt":"2011-10-18T22:15:23","slug":"speriamo-che-sia-vero","status":"publish","type":"post","link":"https:\/\/lacittafutura.net\/adrianozanon\/2011\/10\/18\/speriamo-che-sia-vero\/","title":{"rendered":"&#8220;Speriamo che sia vero&#8221;"},"content":{"rendered":"<p>Da <em>la Repubblica<\/em> del 18 ottobre 2011, la <a title=\"Link a la Repubblica\" href=\"http:\/\/inchieste.repubblica.it\/it\/repubblica\/rep-it\/2011\/10\/18\/news\/telefonate_lavitola-23405557\/?ref=HREC1-7\">trascrizione<\/a> di un&#8217;intercettazione tra Valter Lavitola, &#8220;l&#8217;uomo ombra del Cavaliere&#8221; e il senatore\u00a0Paolo Scarpa Bonazza Buora, molto noto ai portogruaresi.<\/p>\n<h5><strong>Me l&#8217;ha detto il capo farai il ministro<br \/>\n<\/strong><em>(13 novembre 2009 ore 14.53)<br \/>\n<\/em>Lavitola arriva al punto di annunciare anche chi pu\u00f2 essere nominato ministro. Come nel caso del senatore Paolo Scarpa Bonazza Buora, presidente della commissione Agricoltura, a cui comunica di aver parlato con Berlusconi.\u00a0 \u00a0<br \/>\nScarpa &#8220;Come stai ricchione?&#8221;.<br \/>\nL. &#8220;Due cose. La prima, fai jogging la mattina?&#8221;.<br \/>\nS. &#8220;No, perch\u00e9 devo farlo? Mi viene l&#8217;infarto, mi viene&#8221;.<br \/>\nL. &#8220;No, no, fai jogging, tieniti allenato a correre&#8221;.<br \/>\nS. &#8220;Vabb\u00e8, per andare a fare la maratona&#8221;.<br \/>\nL. &#8220;No, no, per poter fare il capo della maratona. Vedi che devi pagare la cena, per\u00f2 eh.,, Ti ricordi quando ti dissi che non c&#8217;era nessun problema, che tu ritenevi che quello stronzo l\u00ec ti si inculasse,\u00a0 Galan eccetera? Ti ricordi?&#8221;.<br \/>\nS. &#8220;Che fa il ciccione?&#8221;.<br \/>\nL. &#8220;Io mo&#8217; ti dico toccati le palle: so che \u00e8 il momento tuo&#8221;.<br \/>\nS. &#8220;E com&#8217;\u00e8 che lo sai?&#8221;.<br \/>\nL. &#8220;Me lo s\u00f2 sognato ieri notte, come lo so secondo te, chi me lo pu\u00f2 dire? L&#8217;ipotesi allo studio, se va quello stronzo di Zaia l\u00ec a f\u00e0 il presidente alla Regione, tu sei in pole position per f\u00e0 il ministro dell&#8217;Agricoltura&#8221;.<br \/>\nS. &#8220;Dimmi un po&#8217;, (&#8230;) e Galan?&#8221;.<br \/>\nL. &#8220;Punta a f\u00e0 il presidente degli Stati Uniti, da l\u00ec in su&#8230;&#8221;.<br \/>\nS. &#8220;Per\u00f2 alla fine si dovr\u00e0 anche accontentare&#8221;.<br \/>\nL. &#8220;S\u00ec, lui punta a qualunque di queste cose, ma non lo so che succede. Secondo me il candidato pi\u00f9 attendibile a quella cosa sei tu&#8221;.<br \/>\nS. &#8220;Ma \u00e8 una tua supposizione?&#8221;.<br \/>\nL. &#8220;No, no ho parlato con lui, ho parlato col presidente e lui fa questa valutazione, e gli ho detto, ma se salta qui chi ci va? E lui dice Fini rompe i coglioni, io dico &#8220;e noi &#8230; ci abbiamo Scarpa&#8221;, e lui dice &#8220;cazzo, \u00e8 vero, \u00e8 pure presidente della Commissione al Senato, \u00e8 l&#8217;unico che ci capisce, gi\u00e0 An \u00e8 sovradimensionata&#8221;.<br \/>\nS. &#8220;Speriamo che sia vero&#8221;.<br \/>\nL. &#8220;&#8230; per\u00f2 muoviti anche tu per favore. Parla con Schifani e parla pure con Cicchitto. Non d\u00ec che te l&#8217;ho detto io&#8221;.<br \/>\nS. &#8220;S\u00ec&#8221;.<br \/>\nL. &#8220;E io che cosa posso fare, pi\u00f9 che parlare con il capo. Io l&#8217;unico lavoro che ti posso fare \u00e8 sul capo. Fabrizio no, oppure con Quagliarello tu che rapporti c&#8217;hai?&#8221;.<br \/>\nS. &#8220;Buoni, \u00e8 un po&#8217; freddo, diciamo&#8221;.<br \/>\nL. &#8220;E allora guarda se basta Schifani, basta e avanza Schifani&#8221;.<\/h5>\n","protected":false},"excerpt":{"rendered":"<p>Da la Repubblica del 18 ottobre 2011, la trascrizione di un&#8217;intercettazione tra Valter Lavitola, &#8220;l&#8217;uomo ombra del Cavaliere&#8221; e il senatore\u00a0Paolo Scarpa Bonazza Buora, molto noto ai portogruaresi. Me l&#8217;ha detto il capo farai il ministro (13 novembre 2009 ore &hellip; <a href=\"https:\/\/lacittafutura.net\/adrianozanon\/2011\/10\/18\/speriamo-che-sia-vero\/\">Continua a leggere<span class=\"meta-nav\">&rarr;<\/span><\/a><\/p>\n","protected":false},"author":6,"featured_media":0,"comment_status":"open","ping_status":"open","sticky":false,"template":"","format":"standard","meta":{"footnotes":""},"categories":[66],"tags":[],"class_list":["post-2604","post","type-post","status-publish","format-standard","hentry","category-cronaca"],"_links":{"self":[{"href":"https:\/\/lacittafutura.net\/adrianozanon\/wp-json\/wp\/v2\/posts\/2604","targetHints":{"allow":["GET"]}}],"collection":[{"href":"https:\/\/lacittafutura.net\/adrianozanon\/wp-json\/wp\/v2\/posts"}],"about":[{"href":"https:\/\/lacittafutura.net\/adrianozanon\/wp-json\/wp\/v2\/types\/post"}],"author":[{"embeddable":true,"href":"https:\/\/lacittafutura.net\/adrianozanon\/wp-json\/wp\/v2\/users\/6"}],"replies":[{"embeddable":true,"href":"https:\/\/lacittafutura.net\/adrianozanon\/wp-json\/wp\/v2\/comments?post=2604"}],"version-history":[{"count":13,"href":"https:\/\/lacittafutura.net\/adrianozanon\/wp-json\/wp\/v2\/posts\/2604\/revisions"}],"predecessor-version":[{"id":2617,"href":"https:\/\/lacittafutura.net\/adrianozanon\/wp-json\/wp\/v2\/posts\/2604\/revisions\/2617"}],"wp:attachment":[{"href":"https:\/\/lacittafutura.net\/adrianozanon\/wp-json\/wp\/v2\/media?parent=2604"}],"wp:term":[{"taxonomy":"category","embeddable":true,"href":"https:\/\/lacittafutura.net\/adrianozanon\/wp-json\/wp\/v2\/categories?post=2604"},{"taxonomy":"post_tag","embeddable":true,"href":"https:\/\/lacittafutura.net\/adrianozanon\/wp-json\/wp\/v2\/tags?post=2604"}],"curies":[{"name":"wp","href":"https:\/\/api.w.org\/{rel}","templated":true}]}}