{"id":2537,"date":"2011-10-05T01:56:18","date_gmt":"2011-10-05T01:56:18","guid":{"rendered":"http:\/\/lacittafutura.net\/adrianozanon\/?p=2537"},"modified":"2011-10-05T22:21:50","modified_gmt":"2011-10-05T22:21:50","slug":"una-eccessiva-sobrieta","status":"publish","type":"post","link":"https:\/\/lacittafutura.net\/adrianozanon\/2011\/10\/05\/una-eccessiva-sobrieta\/","title":{"rendered":"&#8220;Una eccessiva sobriet\u00e0&#8221;"},"content":{"rendered":"<p>Per una volta che a Portogruaro maggioranza e opposizione sono tacitamente d&#8217;accordo, succede che Stefano Zanet, che pensavo fosse il pi\u00f9 assiduo cronista portogruarese,\u00a0 quisquillia sulle forme anzich\u00e9 sottolineare opportunamente la sostanza.<\/p>\n<p>Leggete la cronaca ed il commento (\u00e8 tutto insieme)\u00a0della sistemazione della <a title=\"Link al sito di Stefano Zanet\" href=\"http:\/\/www.portogruaro.veneto.it\/index.php\/attualita\/attualita\/1852-portogruaro-scopre-senza-le-autorita-lapide-caduti-per-la-liberta-di-venezia-nel1848.html\">lapide<\/a> dedicata ai caduti per la libert\u00e0 di Venezia nel 1848, dove scrive che &#8220;non posso non sottolineare una eccessiva sobriet\u00e0 dell&#8217;evento celebrativo&#8221;.<\/p>\n<p>Capito? Una volta che &#8211; visti i tempi &#8211; un sindaco non si mette in pompa magna, con la fanfara, i pennacchi militari e l&#8217;aspersorio, a fare la solita, tradizionale opera di propaganda, perch\u00e9 di questo veramente si trattava, prende le bacchettate dal cronista. Ma forse questa mia meraviglia \u00e8 solo frutto di un equivoco. Mi sono sbagliato e ho scambiato un qualsiasi\u00a0blog personale &#8211; tipo\u00a0questo mio &#8211;\u00a0per un sito\u00a0d&#8217;informazione locale.<\/p>\n<p>Per la cronaca, invece, ricordo che <a title=\"Link al sito dell'Universit\u00e0 di Venezia\" href=\"http:\/\/www.unive.it\/nqcontent.cfm?a_id=415&amp;persona=000985&amp;vista=curr\">Mario Isnenghi <\/a>\u00e8 uno dei maggiori storici del Risorgimento. Secondo me, la sua presenza \u00e8 stata molto pi\u00f9 intelligente e utile dei soliti pennacchi.<\/p>\n","protected":false},"excerpt":{"rendered":"<p>Per una volta che a Portogruaro maggioranza e opposizione sono tacitamente d&#8217;accordo, succede che Stefano Zanet, che pensavo fosse il pi\u00f9 assiduo cronista portogruarese,\u00a0 quisquillia sulle forme anzich\u00e9 sottolineare opportunamente la sostanza. Leggete la cronaca ed il commento (\u00e8 tutto &hellip; <a href=\"https:\/\/lacittafutura.net\/adrianozanon\/2011\/10\/05\/una-eccessiva-sobrieta\/\">Continua a leggere<span class=\"meta-nav\">&rarr;<\/span><\/a><\/p>\n","protected":false},"author":6,"featured_media":0,"comment_status":"open","ping_status":"open","sticky":false,"template":"","format":"standard","meta":{"footnotes":""},"categories":[11],"tags":[77,35],"class_list":["post-2537","post","type-post","status-publish","format-standard","hentry","category-pol","tag-comune","tag-mem"],"_links":{"self":[{"href":"https:\/\/lacittafutura.net\/adrianozanon\/wp-json\/wp\/v2\/posts\/2537","targetHints":{"allow":["GET"]}}],"collection":[{"href":"https:\/\/lacittafutura.net\/adrianozanon\/wp-json\/wp\/v2\/posts"}],"about":[{"href":"https:\/\/lacittafutura.net\/adrianozanon\/wp-json\/wp\/v2\/types\/post"}],"author":[{"embeddable":true,"href":"https:\/\/lacittafutura.net\/adrianozanon\/wp-json\/wp\/v2\/users\/6"}],"replies":[{"embeddable":true,"href":"https:\/\/lacittafutura.net\/adrianozanon\/wp-json\/wp\/v2\/comments?post=2537"}],"version-history":[{"count":14,"href":"https:\/\/lacittafutura.net\/adrianozanon\/wp-json\/wp\/v2\/posts\/2537\/revisions"}],"predecessor-version":[{"id":2546,"href":"https:\/\/lacittafutura.net\/adrianozanon\/wp-json\/wp\/v2\/posts\/2537\/revisions\/2546"}],"wp:attachment":[{"href":"https:\/\/lacittafutura.net\/adrianozanon\/wp-json\/wp\/v2\/media?parent=2537"}],"wp:term":[{"taxonomy":"category","embeddable":true,"href":"https:\/\/lacittafutura.net\/adrianozanon\/wp-json\/wp\/v2\/categories?post=2537"},{"taxonomy":"post_tag","embeddable":true,"href":"https:\/\/lacittafutura.net\/adrianozanon\/wp-json\/wp\/v2\/tags?post=2537"}],"curies":[{"name":"wp","href":"https:\/\/api.w.org\/{rel}","templated":true}]}}