{"id":1612,"date":"2011-04-18T11:10:24","date_gmt":"2011-04-18T11:10:24","guid":{"rendered":"http:\/\/lacittafutura.net\/adrianozanon\/?p=1612"},"modified":"2011-04-22T09:30:48","modified_gmt":"2011-04-22T09:30:48","slug":"gli-strateghi","status":"publish","type":"post","link":"https:\/\/lacittafutura.net\/adrianozanon\/2011\/04\/18\/gli-strateghi\/","title":{"rendered":"Gli strateghi"},"content":{"rendered":"<p>Bernardo Valli su <em>la Repubblica<\/em> di <a title=\"Link alla Repubblica\" href=\"http:\/\/www.repubblica.it\/esteri\/2011\/04\/18\/news\/i_due_populismi-15074346\/?ref=HRER2-1\">oggi<\/a> ci spiega bene il livello di chi governa i due territori europei storicamente pi\u00f9 attrezzati di cultura. (Qui lascio solo il primo brano.)<\/p>\n<h5>Da alcune settimane due populismi si scontrano in Europa offrendo uno spettacolo tutt&#8217;altro che edificante. Direi miserabile. L&#8217;aggettivo non \u00e8 troppo forte, perch\u00e9 al centro della contesa ci sono quei profughi, economici o politici, la classificazione \u00e8 spesso cancellata dal dramma umano, che ogni giorno approdano sulle nostre sponde dopo avere visto affogare non di rado nelle acque del Mediterraneo figli, genitori, amici. Nelle stesse acque nelle quali noi europei cominceremo presto a fare i nostri bagni estivi.<\/h5>\n","protected":false},"excerpt":{"rendered":"<p>Bernardo Valli su la Repubblica di oggi ci spiega bene il livello di chi governa i due territori europei storicamente pi\u00f9 attrezzati di cultura. (Qui lascio solo il primo brano.) Da alcune settimane due populismi si scontrano in Europa offrendo &hellip; <a href=\"https:\/\/lacittafutura.net\/adrianozanon\/2011\/04\/18\/gli-strateghi\/\">Continua a leggere<span class=\"meta-nav\">&rarr;<\/span><\/a><\/p>\n","protected":false},"author":6,"featured_media":0,"comment_status":"open","ping_status":"open","sticky":false,"template":"","format":"standard","meta":{"footnotes":""},"categories":[11],"tags":[32,61],"class_list":["post-1612","post","type-post","status-publish","format-standard","hentry","category-pol","tag-lega","tag-migrazioni"],"_links":{"self":[{"href":"https:\/\/lacittafutura.net\/adrianozanon\/wp-json\/wp\/v2\/posts\/1612","targetHints":{"allow":["GET"]}}],"collection":[{"href":"https:\/\/lacittafutura.net\/adrianozanon\/wp-json\/wp\/v2\/posts"}],"about":[{"href":"https:\/\/lacittafutura.net\/adrianozanon\/wp-json\/wp\/v2\/types\/post"}],"author":[{"embeddable":true,"href":"https:\/\/lacittafutura.net\/adrianozanon\/wp-json\/wp\/v2\/users\/6"}],"replies":[{"embeddable":true,"href":"https:\/\/lacittafutura.net\/adrianozanon\/wp-json\/wp\/v2\/comments?post=1612"}],"version-history":[{"count":11,"href":"https:\/\/lacittafutura.net\/adrianozanon\/wp-json\/wp\/v2\/posts\/1612\/revisions"}],"predecessor-version":[{"id":1652,"href":"https:\/\/lacittafutura.net\/adrianozanon\/wp-json\/wp\/v2\/posts\/1612\/revisions\/1652"}],"wp:attachment":[{"href":"https:\/\/lacittafutura.net\/adrianozanon\/wp-json\/wp\/v2\/media?parent=1612"}],"wp:term":[{"taxonomy":"category","embeddable":true,"href":"https:\/\/lacittafutura.net\/adrianozanon\/wp-json\/wp\/v2\/categories?post=1612"},{"taxonomy":"post_tag","embeddable":true,"href":"https:\/\/lacittafutura.net\/adrianozanon\/wp-json\/wp\/v2\/tags?post=1612"}],"curies":[{"name":"wp","href":"https:\/\/api.w.org\/{rel}","templated":true}]}}