{"id":1564,"date":"2011-04-10T00:01:35","date_gmt":"2011-04-10T00:01:35","guid":{"rendered":"http:\/\/lacittafutura.net\/adrianozanon\/?p=1564"},"modified":"2011-04-18T08:57:33","modified_gmt":"2011-04-18T08:57:33","slug":"la-decisione","status":"publish","type":"post","link":"https:\/\/lacittafutura.net\/adrianozanon\/2011\/04\/10\/la-decisione\/","title":{"rendered":"La decisione"},"content":{"rendered":"<p><em>I va in Merica<\/em><\/p>\n<p>I<\/p>\n<p>Fulminadi da un fraco de tempesta,<br \/>\nl\u2019erba dei pr\u00e8 par \u2018na met\u00e0 pass\u00eca<br \/>\nbrus\u00e0 le vigne de la malatia<br \/>\nche no lassa i vilani mai de p\u00e8sta;<\/p>\n<p>ipotecado tuto quel che resta,<br \/>\ncol formento che val \u2018na carestia,<br \/>\nogni paese el g\u2019\u00e0 la so angonia<br \/>\ne le fameie un pelagroso a testa!<\/p>\n<p>Crep\u00e0 la vaca che dasea el formaio,<br \/>\nmorta la dona a partorir \u2018na fiola,<br \/>\nprotest\u00e0 le cambiale del notaio,<\/p>\n<p>una festa, seradi a l\u2019ostaria,<br \/>\nco un gran pugno bat\u00f9 sora la tola:<br \/>\n\u00abPorca Italia\u00bb i bastiema: \u00abandremo via!\u00bb<\/p>\n<p>II<\/p>\n<p>E i se conta in fra tuti. \u00abIn quanti sio?\u00bb<br \/>\n\u00abApena diese, che pol far strapasso;<br \/>\nel resto done co i putini in brasso,<br \/>\nel resto, veci e puteleti a drio.<\/p>\n<p>Ma a star qua, no se magna no, par dio,<br \/>\nbisogner\u00e0 pur farlo sto gran passo,<br \/>\nse l\u2019inverno el ne capita col giasso,<br \/>\npori nualtri, el ghe ne fa un des\u00eco!\u00bb<\/p>\n<p>Drento l\u2019Otobre, carghi de fagoti,<br \/>\ndopo aver dito mal de tuti i siori,<br \/>\ndopo aver fusil\u00e0 tri quatro goti ;<\/p>\n<p>co la testa sbarlota, imbriagada,<br \/>\ni se da du struconi in tra de lori,<br \/>\ne tontonando i ciapa su la strada!<\/p>\n<p>Berto Barbarani (Verona, 1872-1945), <em>Tutte le poesie<\/em> (1953).<\/p>\n","protected":false},"excerpt":{"rendered":"<p>I va in Merica I Fulminadi da un fraco de tempesta, l\u2019erba dei pr\u00e8 par \u2018na met\u00e0 pass\u00eca brus\u00e0 le vigne de la malatia che no lassa i vilani mai de p\u00e8sta; ipotecado tuto quel che resta, col formento che &hellip; <a href=\"https:\/\/lacittafutura.net\/adrianozanon\/2011\/04\/10\/la-decisione\/\">Continua a leggere<span class=\"meta-nav\">&rarr;<\/span><\/a><\/p>\n","protected":false},"author":6,"featured_media":0,"comment_status":"open","ping_status":"open","sticky":false,"template":"","format":"standard","meta":{"footnotes":""},"categories":[13],"tags":[61,202],"class_list":["post-1564","post","type-post","status-publish","format-standard","hentry","category-poesia","tag-migrazioni","tag-poesia"],"_links":{"self":[{"href":"https:\/\/lacittafutura.net\/adrianozanon\/wp-json\/wp\/v2\/posts\/1564","targetHints":{"allow":["GET"]}}],"collection":[{"href":"https:\/\/lacittafutura.net\/adrianozanon\/wp-json\/wp\/v2\/posts"}],"about":[{"href":"https:\/\/lacittafutura.net\/adrianozanon\/wp-json\/wp\/v2\/types\/post"}],"author":[{"embeddable":true,"href":"https:\/\/lacittafutura.net\/adrianozanon\/wp-json\/wp\/v2\/users\/6"}],"replies":[{"embeddable":true,"href":"https:\/\/lacittafutura.net\/adrianozanon\/wp-json\/wp\/v2\/comments?post=1564"}],"version-history":[{"count":17,"href":"https:\/\/lacittafutura.net\/adrianozanon\/wp-json\/wp\/v2\/posts\/1564\/revisions"}],"predecessor-version":[{"id":1578,"href":"https:\/\/lacittafutura.net\/adrianozanon\/wp-json\/wp\/v2\/posts\/1564\/revisions\/1578"}],"wp:attachment":[{"href":"https:\/\/lacittafutura.net\/adrianozanon\/wp-json\/wp\/v2\/media?parent=1564"}],"wp:term":[{"taxonomy":"category","embeddable":true,"href":"https:\/\/lacittafutura.net\/adrianozanon\/wp-json\/wp\/v2\/categories?post=1564"},{"taxonomy":"post_tag","embeddable":true,"href":"https:\/\/lacittafutura.net\/adrianozanon\/wp-json\/wp\/v2\/tags?post=1564"}],"curies":[{"name":"wp","href":"https:\/\/api.w.org\/{rel}","templated":true}]}}