{"id":1261,"date":"2011-03-10T23:11:09","date_gmt":"2011-03-10T23:11:09","guid":{"rendered":"http:\/\/lacittafutura.net\/adrianozanon\/?p=1261"},"modified":"2013-08-21T08:56:29","modified_gmt":"2013-08-21T08:56:29","slug":"fuori-dal-tempo","status":"publish","type":"post","link":"https:\/\/lacittafutura.net\/adrianozanon\/2011\/03\/10\/fuori-dal-tempo\/","title":{"rendered":"Fuori dal tempo"},"content":{"rendered":"<p>Massimo Cacciari fu deputato (dal 1976 al 1983) e\u00a0sindaco di Venezia (nei periodi 1993-2000 e 2005-2010), per\u00a0questo \u00e8 stato intervistato per l&#8217;inserto <em>NordEst<\/em> de <em>Il Sole 24 Ore<\/em> del 9 marzo a proposito dei problemi della riconversione di Marghera (p. 4). Riporto una fettina della breve intervista.<\/p>\n<h5>&#8220;Il treno \u00e8 stato perso negli anni &#8217;70, quando la politica industriale italiana \u00e8 andata al collasso. E non parlo solo della chimica, ma anche dell&#8217;elettronica e altri settori in cui eravamo leader.&#8221;<br \/>\n<strong>&#8220;Cosa si sarebbe dovuto fare per Marghera in quel momento?&#8221;<br \/>\n<\/strong>&#8220;Investire sulla chimica fine, sulle produzioni di qualit\u00e0 e sostenibili da un punto di vista ambientale. Investire sulla ricerca e su Marghera, che avrebbe dovuto essere la chimica italiana. Invece, si sono dispersi milioni e milioni su altri siti industriali. Se penso a quello che avrebbe potuto essere Marghera a la chimica in questo paese&#8230; Una cosa da galera. Errori clamorosi che nessuno mai \u00e8 chiamato a pagare.&#8221;<\/h5>\n<p>Concordo sugli errori clamorosi. Purtroppo per\u00f2 qualcuno paga, anche personalmente, ma non tra i politici, parlamentari o sindaci che siano o siano stati, pagano quei disgraziati dei lavoratori dipendenti. Qui per\u00f2 mi colpisce soprattutto l&#8217;affermazione che negli anni Settanta a Marghera si sarebbe dovuto fare prodotti &#8220;sostenibili da un punto di vista ambientale&#8221;.<\/p>\n<p>Cacciari, si sa, \u00e8 un grande intellettuale, un grande filosofo, e qui ne abbiamo conferma. Praticamente lui non vive in mezzo a noi, se non saltuariamente, occasionalmente, quando concede interviste.\u00a0Normalmente vive nei libri, non sui libri, proprio nei libri o in un altro mondo, adesso chiss\u00e0 quale, forse inaccessibile a noi. E&#8217; come don Chisciotte di Cervantes o Gulliver di Swift o lo stesso Dante Alighieri, \u00e8 sempre in viaggio, quindi ha un senso relativo del tempo, come ci ha spiegato bene\u00a0Italo Calvino (<em>Lezioni americane<\/em>, Garzanti 1992, p. 38):<\/p>\n<h5>La relativit\u00e0 del tempo \u00e8 il tema d&#8217;un folktale\u00a0[ndr: racconto popolare, leggenda] diffuso un po&#8217; dappertutto: il viaggio all&#8217;al di l\u00e0 che viene vissuto da chi lo compie come se durasse poche ore, mentre al ritorno il luogo di partenza \u00e8 irriconoscibile perch\u00e9 sono passati anni e anni.<\/h5>\n<p>Anzi\u00a0per Cacciari passato, presente e futuro non hanno distinzione alcuna. Beato lui.<\/p>\n","protected":false},"excerpt":{"rendered":"<p>Massimo Cacciari fu deputato (dal 1976 al 1983) e\u00a0sindaco di Venezia (nei periodi 1993-2000 e 2005-2010), per\u00a0questo \u00e8 stato intervistato per l&#8217;inserto NordEst de Il Sole 24 Ore del 9 marzo a proposito dei problemi della riconversione di Marghera (p. &hellip; <a href=\"https:\/\/lacittafutura.net\/adrianozanon\/2011\/03\/10\/fuori-dal-tempo\/\">Continua a leggere<span class=\"meta-nav\">&rarr;<\/span><\/a><\/p>\n","protected":false},"author":6,"featured_media":0,"comment_status":"open","ping_status":"open","sticky":false,"template":"","format":"standard","meta":{"footnotes":""},"categories":[12],"tags":[158,15,46],"class_list":["post-1261","post","type-post","status-publish","format-standard","hentry","category-critica","tag-massimo-cacciari","tag-tem","tag-verita"],"_links":{"self":[{"href":"https:\/\/lacittafutura.net\/adrianozanon\/wp-json\/wp\/v2\/posts\/1261","targetHints":{"allow":["GET"]}}],"collection":[{"href":"https:\/\/lacittafutura.net\/adrianozanon\/wp-json\/wp\/v2\/posts"}],"about":[{"href":"https:\/\/lacittafutura.net\/adrianozanon\/wp-json\/wp\/v2\/types\/post"}],"author":[{"embeddable":true,"href":"https:\/\/lacittafutura.net\/adrianozanon\/wp-json\/wp\/v2\/users\/6"}],"replies":[{"embeddable":true,"href":"https:\/\/lacittafutura.net\/adrianozanon\/wp-json\/wp\/v2\/comments?post=1261"}],"version-history":[{"count":27,"href":"https:\/\/lacittafutura.net\/adrianozanon\/wp-json\/wp\/v2\/posts\/1261\/revisions"}],"predecessor-version":[{"id":7229,"href":"https:\/\/lacittafutura.net\/adrianozanon\/wp-json\/wp\/v2\/posts\/1261\/revisions\/7229"}],"wp:attachment":[{"href":"https:\/\/lacittafutura.net\/adrianozanon\/wp-json\/wp\/v2\/media?parent=1261"}],"wp:term":[{"taxonomy":"category","embeddable":true,"href":"https:\/\/lacittafutura.net\/adrianozanon\/wp-json\/wp\/v2\/categories?post=1261"},{"taxonomy":"post_tag","embeddable":true,"href":"https:\/\/lacittafutura.net\/adrianozanon\/wp-json\/wp\/v2\/tags?post=1261"}],"curies":[{"name":"wp","href":"https:\/\/api.w.org\/{rel}","templated":true}]}}