{"id":12280,"date":"2019-03-09T10:01:43","date_gmt":"2019-03-09T10:01:43","guid":{"rendered":"http:\/\/lacittafutura.net\/adrianozanon\/?p=12280"},"modified":"2023-03-23T21:11:16","modified_gmt":"2023-03-23T21:11:16","slug":"verso-le-elezioni-europee-1-diem25-e-lo-stato-della-sinistra","status":"publish","type":"post","link":"https:\/\/lacittafutura.net\/adrianozanon\/2019\/03\/09\/verso-le-elezioni-europee-1-diem25-e-lo-stato-della-sinistra\/","title":{"rendered":"Con DiEM25, verso le elezioni europee"},"content":{"rendered":"<p>Mancano 77 giorni alle elezioni europee del 26 maggio e a sinistra se ne parla da mesi ma con esiti per nulla certi. Riporto qui l&#8217;intervista di Lorenzo Marsili di DiEM25 al <em>Manifesto<\/em> di oggi. (Le evidenziazioni sono mie, ma l&#8217;intervista va letta attentamente tutta.)<\/p>\n<div style=\"width: 470px\" class=\"wp-caption aligncenter\"><img loading=\"lazy\" decoding=\"async\" src=\"https:\/\/static.ilmanifesto.it\/2019\/03\/lmyani1.jpg\" alt=\"\" width=\"460\" height=\"329\" \/><p class=\"wp-caption-text\">Lorenzo Marsili e Yanis Varoufakis<\/p><\/div>\n<h5 style=\"padding-left: 30px;\"><strong>Diem alla sinistra: tutti nella piattaforma Primavera Europea<\/strong><br \/>\ndi Daniela Preziosi<\/h5>\n<h5 style=\"padding-left: 30px;\">A Lorenzo Marsili, classe 1984, filosofo, giornalista \u2013 in uscita per Laterza\u00a0<i><em>La tua patria \u00e8 il mondo intero<\/em><\/i>\u00a0\u2013 fondatore con Yanis Varoufakis del movimento DiEM25, chiediamo perch\u00e9 la lista per le europee con De Magistris e Potere al popolo, e altri, \u00e8 saltata. <ins datetime=\"2019-03-09T09:51:47+00:00\">\u00abIl piano era di lanciare con il sindaco di Napoli una nuova proposta politica all\u2019indomani del disastro delle elezioni, partendo da DiEM25 e DemA.<\/ins> C\u2019era gi\u00e0 un nome \u2013 Demos \u2013 e una data di lancio \u2013 il 2 giugno \u2013 per radicare la proposta nei territori e poi allargare\u00bb \u2013 risponde. <ins datetime=\"2019-03-09T09:51:47+00:00\">\u00abAll\u2019ultimo ha prevalso la paura, una bestia che la sinistra italiana ha interiorizzato. E invece di un progetto nuovo da Napoli sono partiti i vecchi tavoli per l\u2019unit\u00e0 della sinistra. \u00c8 uno schema in cui abbiamo tenuto un profilo basso, proponendo di trovare un accordo fra forze ecologiste, civiche e di sinistra attorno a un programma chiaro. Ci siamo allontanati in punta di piedi quando l\u2019operazione \u00e8 divenuta tragicamente incoerente\u00bb.<\/ins><\/h5>\n<h5 style=\"padding-left: 30px;\"><b><strong>C\u2019\u00e8 stato un problema con i \u201csovranisti\u201d?<br \/>\n<\/strong><\/b>Si chiamano nazionalisti. Di destra o di sinistra. Pensare di presentare una lista senza una posizione chiara proprio sull\u2019Europa \u00e8 assurdo. <ins datetime=\"2019-03-09T09:51:47+00:00\">Colpisce quanto poco interessi la credibilit\u00e0 dei programmi. \u00c8 come se fossero tutti intimamente convinti che non governeranno mai.<\/ins><\/h5>\n<h5 style=\"padding-left: 30px;\"><b><strong>Quella lista era costruita intorno a De Magistris. Alla sinistra radicale manca un leader?<br \/>\n<\/strong><\/b>In\u00a0<i><em>Guerre Stellari<\/em><\/i>\u00a0\u00e8 l\u2019Impero ad avere un leader monocratico. La Repubblica \u00e8 difesa da una prima linea di Jedi. Sono ragionevoli le teorie populiste sulla centralit\u00e0 elettorale del leader. Ma l\u2019uomo solo al comando in Italia lo conosciamo bene e ha fatto solo danni. De Magistris sta facendo un ottimo lavoro a Napoli. Spero il Pd capisca che il futuro in Campania passa da l\u00ec e non dalla figura grottesca di De Luca.<\/h5>\n<h5 style=\"padding-left: 30px;\"><b><strong>Ora avete un \u2018piano b\u2019 per le europee?<br \/>\n<\/strong><\/b>Un largo spettro di forze era disponibile a sostenere le proposte del\u00a0<i><em>Green New Deal<\/em><\/i>, il piano che abbiamo elaborato con alcune delle migliori intelligenze internazionali e condiviso con Bernie Sanders. Su questa base \u00e8 parso possibile costruire una proposta nuova, capace di tenere insieme esperienze ecologiste e progressiste. Sarebbe stata la novit\u00e0 delle europee, un vero terzo spazio contro\u00a0<i><em>establishment<\/em><\/i>\u00a0e nazionalismi. Ma \u00e8 naufragata sul veto dei Verdi italiani verso Sinistra italiana, una realt\u00e0 nonostante tutto impegnata ad aiutare chi salva vite in mare con Mediterranea.<\/h5>\n<h5 style=\"padding-left: 30px;\"><b><strong><ins datetime=\"2019-03-09T09:51:47+00:00\">Le forze politiche hanno anche una storia. Alle fine voi quindi starete fuori?<br \/>\n<\/ins><\/strong><\/b><ins datetime=\"2019-03-09T09:51:47+00:00\">Tenteremo una cosa mai fatta prima. Non ci rassegnamo ai veti di una generazione precedente. Sosterremo entrambe, la lista verde e la lista rossoverde.<\/ins> Il 21 marzo lanceremo in Italia Primavera Europea, la piattaforma che ci porter\u00e0 al voto e con cui prepareremo la nostra proposta per amministrative e nazionali. Siamo felici che gli \u201cautoconvocati\u201d di LeU si uniscano a noi. Invitiamo Sinistra Italiana e Possibile, e chi altro vorr\u00e0, a fare sbocciare insieme una nuova storia il primo giorno di Primavera. Vedremo poi se riusciremo a presentarla gi\u00e0 alle europee, ma c\u2019\u00e8 una legge elettorale liberticida. Il punto per\u00f2 non \u00e8 sfangare un appuntamento elettorale, ma ricostruire una speranza capace di entusiasmare.<\/h5>\n<h5 style=\"padding-left: 30px;\"><b><strong>Diem 25 \u00e8 nata sull\u2019idea sovranazionale. Come vi presentate negli altri paesi?<br \/>\n<\/strong><\/b>Abbiamo bisogno di partiti, sindacati e piazze europee. DiEM25 ha lanciato il sasso e presenter\u00e0 alle urne in dieci Paesi un unico programma, un\u2019unica campagna elettorale. Anche in Italia, dove conta 11mila iscritti e molti gruppi locali, consiglieri comunali e regionali.<\/h5>\n<h5 style=\"padding-left: 30px;\"><b><strong>Varoufakis inizia la sua traiettoria politica dal governo Tsipras, uscendone alla vigilia degli accordi con l\u2019Ue. Come giudicate oggi l\u2019esperienza di Tsipras?<br \/>\n<\/strong><\/b>Il governo Tsipras fu messo all\u2019angolo non da un\u2019astratta idea di Europa ma da 19 capi di stato nazionali fra cui il socialista Hollande e Matteo Renzi. Il centrosinistra di governo non mosse un dito per aiutare la lotta del popolo greco e cambiare le politiche economiche europee. Penso che il Memorandum con la Troika non andasse firmato, seppure comprendo l\u2019enorme pressione di quei momenti. Ma il risultato \u00e8 sotto gli occhi di tutti: una crisi umanitaria senza fine.<\/h5>\n<h5 style=\"padding-left: 30px;\">(<em>il manifesto<\/em>, 9 marzo 2019)<\/h5>\n<p>&nbsp;<\/p>\n","protected":false},"excerpt":{"rendered":"<p>Mancano 77 giorni alle elezioni europee del 26 maggio e a sinistra se ne parla da mesi ma con esiti per nulla certi. Riporto qui l&#8217;intervista di Lorenzo Marsili di DiEM25 al Manifesto di oggi. (Le evidenziazioni sono mie, ma &hellip; <a href=\"https:\/\/lacittafutura.net\/adrianozanon\/2019\/03\/09\/verso-le-elezioni-europee-1-diem25-e-lo-stato-della-sinistra\/\">Continua a leggere<span class=\"meta-nav\">&rarr;<\/span><\/a><\/p>\n","protected":false},"author":6,"featured_media":0,"comment_status":"open","ping_status":"open","sticky":false,"template":"","format":"standard","meta":{"footnotes":""},"categories":[11],"tags":[223,227,22],"class_list":["post-12280","post","type-post","status-publish","format-standard","hentry","category-pol","tag-diem-25","tag-elezioni-europee-2019","tag-sin"],"_links":{"self":[{"href":"https:\/\/lacittafutura.net\/adrianozanon\/wp-json\/wp\/v2\/posts\/12280","targetHints":{"allow":["GET"]}}],"collection":[{"href":"https:\/\/lacittafutura.net\/adrianozanon\/wp-json\/wp\/v2\/posts"}],"about":[{"href":"https:\/\/lacittafutura.net\/adrianozanon\/wp-json\/wp\/v2\/types\/post"}],"author":[{"embeddable":true,"href":"https:\/\/lacittafutura.net\/adrianozanon\/wp-json\/wp\/v2\/users\/6"}],"replies":[{"embeddable":true,"href":"https:\/\/lacittafutura.net\/adrianozanon\/wp-json\/wp\/v2\/comments?post=12280"}],"version-history":[{"count":12,"href":"https:\/\/lacittafutura.net\/adrianozanon\/wp-json\/wp\/v2\/posts\/12280\/revisions"}],"predecessor-version":[{"id":12314,"href":"https:\/\/lacittafutura.net\/adrianozanon\/wp-json\/wp\/v2\/posts\/12280\/revisions\/12314"}],"wp:attachment":[{"href":"https:\/\/lacittafutura.net\/adrianozanon\/wp-json\/wp\/v2\/media?parent=12280"}],"wp:term":[{"taxonomy":"category","embeddable":true,"href":"https:\/\/lacittafutura.net\/adrianozanon\/wp-json\/wp\/v2\/categories?post=12280"},{"taxonomy":"post_tag","embeddable":true,"href":"https:\/\/lacittafutura.net\/adrianozanon\/wp-json\/wp\/v2\/tags?post=12280"}],"curies":[{"name":"wp","href":"https:\/\/api.w.org\/{rel}","templated":true}]}}