{"id":12239,"date":"2019-01-22T15:10:40","date_gmt":"2019-01-22T15:10:40","guid":{"rendered":"http:\/\/lacittafutura.net\/adrianozanon\/?p=12239"},"modified":"2019-01-26T14:17:24","modified_gmt":"2019-01-26T14:17:24","slug":"ci-sara-una-norimberga-per-queste-stragi","status":"publish","type":"post","link":"https:\/\/lacittafutura.net\/adrianozanon\/2019\/01\/22\/ci-sara-una-norimberga-per-queste-stragi\/","title":{"rendered":"&#8220;Ci sar\u00e0 una Norimberga per queste stragi&#8221;"},"content":{"rendered":"<h3 style=\"margin: 3px 0px 1em; color: #363636; text-transform: none; line-height: 1.5; text-indent: 0px; letter-spacing: normal; font-family: 'Mercury SSm A', 'Mercury SSm B'; font-size: 17px; font-style: normal; font-weight: 400; word-spacing: 0px; white-space: normal; box-sizing: border-box; orphans: 2; widows: 2; background-color: #ffffff; font-variant-ligatures: normal; font-variant-caps: normal; -webkit-text-stroke-width: 0px; text-decoration-style: initial; text-decoration-color: initial;\"><img loading=\"lazy\" decoding=\"async\" class=\"aligncenter\" src=\"http:\/\/maurobiani.it\/wp-content\/uploads\/2019\/01\/migranti-naufragio-colpa.png\" alt=\"\" width=\"471\" height=\"600\" \/><\/h3>\n<p style=\"margin: 3px 0px 1em; color: #363636; text-transform: none; line-height: 1.5; text-indent: 0px; letter-spacing: normal; font-family: 'Mercury SSm A', 'Mercury SSm B'; font-size: 17px; font-style: normal; font-weight: 400; word-spacing: 0px; white-space: normal; box-sizing: border-box; orphans: 2; widows: 2; background-color: #ffffff; font-variant-ligatures: normal; font-variant-caps: normal; -webkit-text-stroke-width: 0px; text-decoration-style: initial; text-decoration-color: initial;\">Quello che sta accadendo in tema d&#8217;immigrazione e le politiche che si stanno attuando\u00a0non mi sono solo inaccettabili ma perfino incredibili. Certo l&#8217;attuale impotenza di noi <em>buonisti<\/em> viene da lontano, come\u00a0non bastano\u00a0invettive o maledizioni di stampo verdiano per cambiare minimamente il corso delle cose. Ma intanto io assumo in pieno il finale di questo articolo di Donatella Di Cesare come una previsione, quindi l&#8217;inizio di un cambiamento reale delle cose. (Grassetto ed evidenziazioni sono miei.)<\/p>\n<h5 style=\"padding-left: 30px;\"><strong><a href=\"https:\/\/ilmanifesto.it\/come-trasformare-anche-la-vittima-in-carnefice\/\">Come trasformare anche la vittima in carnefice<\/a><\/strong><br \/>\ndi <a href=\"https:\/\/it.wikipedia.org\/wiki\/Donatella_Di_Cesare\">Donatella Di Cesare<\/a><\/h5>\n<h5 style=\"padding-left: 30px;\"><strong>Gommoni vuoti e vite consegnate per sempre agli abissi. Di chi \u00e8 la colpa?<\/strong> Chi chiamare in causa? Perch\u00e9, certo, se quei corpi non fossero scomparsi cos\u00ec nelle acque, senza quasi lasciare traccia, se fossero insepolti, l\u2019uno accanto all\u2019altro, nello spasimo dell\u2019ultimo respiro, nello strazio della speranza sfuggita, la strage sarebbe mediaticamente pi\u00f9 vistosa.<\/h5>\n<h5 style=\"padding-left: 30px;\">Com\u2019\u00e8 facile lasciar morire grazie alla complicit\u00e0 del mare! Poi diventa agevole presentarsi con il volto ipocrita e cinico del governante innocente sollevando da ogni peso il pubblico grato dei votanti.<\/h5>\n<h5 style=\"padding-left: 30px;\"><strong>Basta ricorrere ad una strategia narrativa<\/strong> ormai da tempo collaudata: usurpare alla vittima persino la sua condizione, farne un carnefice. I veri colpevoli sarebbero, dunque, gli africani \u2013 mentre gli europei, in primo luogo gli italiani, subirebbero il crimine. Quale? Ad esempio la \u00absostituzione etnica\u00bb divulgata dai complottisti giallobruni. \u00c8 un bel conforto non solo essere scagionati da ogni colpa, ma venire addirittura proclamati \u00abvittime\u00bb. Questa inversione delle parti \u00e8 stata reiterata senza piet\u00e0 e senza scrupoli.<\/h5>\n<h5 style=\"padding-left: 30px;\"><strong>Gi\u00e0 gli ultimi governi hanno inaugurato l\u2019ignobile formula \u00abtraffico di esseri umani\u00bb.<\/strong> Ignobile per due motivi. Anzitutto perch\u00e9 riduce il fenomeno complesso della migrazione a un trasferimento coatto, come se i migranti fossero esseri subumani, incapaci di intendere, quasi oggetti, pacchi. Sennonch\u00e9, anche in quei casi estremi in cui sono sottoposti al raggiro, al ricatto, i migranti mantengono il margine di scelta \u2013 fosse pure quello di chi rischia la morte nella certezza che non esistano altre vie d\u2019uscita. Ma quella formula \u00e8 ignobile anche perch\u00e9 consente di eludere ogni responsabilit\u00e0 addossandola a un paio di \u00abscafisti\u00bb, \u00abnegrieri\u00bb, \u00abtrafficanti\u00bb, unica vera causa della migrazione. Se ci sono, come sempre, coloro che traggono profitto dalle disgrazie altrui, molti dei cosiddetti \u00abtrafficanti\u00bb sono i migranti stessi, timonieri improvvisati dei barconi, che poi finiscono in galera. Accusato di essere il \u00abcapitano\u00bb del gommone, rovesciatosi in modo maldestro, era Abdullah Kurdi, il padre del piccolo Alyan, il bambino la cui immagine ha impietosito e indignato per un po\u2019.<\/h5>\n<h5 style=\"padding-left: 30px;\"><ins datetime=\"2019-01-23T16:30:53+00:00\"><strong>La gestione poliziesca dei respingimenti<\/strong>, assurta nel frattempo a politica dei porti chiusi, pu\u00f2 essere dunque spacciata per \u00abguerra ai trafficanti\u00bb. L\u2019ipocrisia giunge al punto di ergersi a liberatori dei migranti, da un canto criminalizzati, dall\u2019altro considerati individui affetti da minorit\u00e0.<\/ins><\/h5>\n<h5 style=\"padding-left: 30px;\"><ins datetime=\"2019-01-23T16:30:53+00:00\">Importante \u00e8 contenere la responsabilit\u00e0 entro i confini africani<strong>.<\/strong> Colpa loro, se si sono mossi \u2013 ognuno, si sa, dovrebbe restare al suo posto; colpa loro, se si sono affidati allo \u00abscafista\u00bb di turno. Perch\u00e9 vengono a chiedere aiuto? Soccorrerli? Non se ne parla. Se affondano, hanno quel che si meritano. La cosa non ci riguarda. Noi non c\u2019entriamo. Al crimine dei \u00abtrafficanti\u00bb, che li hanno portati (o \u00abdeportati\u00bb nel gergo complottista), si associano le Ong, quei \u00abtaxi del mare\u00bb che soccorrono impunemente.<\/ins><\/h5>\n<h5 style=\"padding-left: 30px;\"><strong>Questo racconto, che inverte abilmente le parti<\/strong>, ha anche il pregio di coprire la guerra non dichiarata ai migranti, combattuta grazie al semplice potere biopolitico di lasciar morire. Cos\u00ec si tenta di negare e cancellare a priori ogni colpa.<\/h5>\n<h5 style=\"padding-left: 30px;\">Tutto ci\u00f2 \u00e8 agevolato dalla frantumazione della responsabilit\u00e0 che caratterizza il mondo globalizzato. La serie di cause concatenanti si allunga e impedisce di vedere gli effetti delle proprie azioni. Come non \u00e8 lecito usufruire a cuor leggero di beni a basso prezzo, costati lo sfruttamento disumano, cos\u00ec non si pu\u00f2 essere indifferenti alla vendita d\u2019armi compiuta pi\u00f9 o meno sottobanco dalla propria nazione. I vantaggi di cui si dispone qui sono all\u2019origine del malessere, dell\u2019agonia, della morte, dall\u2019altra parte del mondo. L\u2019interdipendenza della societ\u00e0 planetaria richiederebbe semmai un sovrappi\u00f9 di responsabilit\u00e0.<\/h5>\n<h5 style=\"padding-left: 30px;\"><ins datetime=\"2019-01-23T16:30:53+00:00\"><strong>Non vedere non significa essere innocenti.<\/strong> Aver esternalizzato la violenza contro i migranti, grazie all\u2019accordo con la Libia, non scagiona i cittadini italiani. Potranno dichiararsi inconsapevoli, ma sono gi\u00e0 colpevoli. Un velo di lutto, mestizia, malinconia, avvolge questo paese e si estende ormai anche a chi alle vittime si rifiuta di pensare. Ci sar\u00e0 una Norimberga per queste stragi e i veri responsabili saranno chiamati davanti al tribunale della storia<\/ins>.<\/h5>\n<h5 style=\"padding-left: 30px;\">(<em>il manifesto<\/em>, 22 gennaio 2019)<\/h5>\n<p>&nbsp;<\/p>\n","protected":false},"excerpt":{"rendered":"<p>Quello che sta accadendo in tema d&#8217;immigrazione e le politiche che si stanno attuando\u00a0non mi sono solo inaccettabili ma perfino incredibili. Certo l&#8217;attuale impotenza di noi buonisti viene da lontano, come\u00a0non bastano\u00a0invettive o maledizioni di stampo verdiano per cambiare minimamente &hellip; <a href=\"https:\/\/lacittafutura.net\/adrianozanon\/2019\/01\/22\/ci-sara-una-norimberga-per-queste-stragi\/\">Continua a leggere<span class=\"meta-nav\">&rarr;<\/span><\/a><\/p>\n","protected":false},"author":6,"featured_media":0,"comment_status":"open","ping_status":"open","sticky":false,"template":"","format":"standard","meta":{"footnotes":""},"categories":[11],"tags":[225],"class_list":["post-12239","post","type-post","status-publish","format-standard","hentry","category-pol","tag-salvini"],"_links":{"self":[{"href":"https:\/\/lacittafutura.net\/adrianozanon\/wp-json\/wp\/v2\/posts\/12239","targetHints":{"allow":["GET"]}}],"collection":[{"href":"https:\/\/lacittafutura.net\/adrianozanon\/wp-json\/wp\/v2\/posts"}],"about":[{"href":"https:\/\/lacittafutura.net\/adrianozanon\/wp-json\/wp\/v2\/types\/post"}],"author":[{"embeddable":true,"href":"https:\/\/lacittafutura.net\/adrianozanon\/wp-json\/wp\/v2\/users\/6"}],"replies":[{"embeddable":true,"href":"https:\/\/lacittafutura.net\/adrianozanon\/wp-json\/wp\/v2\/comments?post=12239"}],"version-history":[{"count":15,"href":"https:\/\/lacittafutura.net\/adrianozanon\/wp-json\/wp\/v2\/posts\/12239\/revisions"}],"predecessor-version":[{"id":12254,"href":"https:\/\/lacittafutura.net\/adrianozanon\/wp-json\/wp\/v2\/posts\/12239\/revisions\/12254"}],"wp:attachment":[{"href":"https:\/\/lacittafutura.net\/adrianozanon\/wp-json\/wp\/v2\/media?parent=12239"}],"wp:term":[{"taxonomy":"category","embeddable":true,"href":"https:\/\/lacittafutura.net\/adrianozanon\/wp-json\/wp\/v2\/categories?post=12239"},{"taxonomy":"post_tag","embeddable":true,"href":"https:\/\/lacittafutura.net\/adrianozanon\/wp-json\/wp\/v2\/tags?post=12239"}],"curies":[{"name":"wp","href":"https:\/\/api.w.org\/{rel}","templated":true}]}}