{"id":12163,"date":"2024-02-10T00:10:39","date_gmt":"2024-02-10T00:10:39","guid":{"rendered":"http:\/\/lacittafutura.net\/adrianozanon\/?p=12163"},"modified":"2024-10-25T16:56:45","modified_gmt":"2024-10-25T16:56:45","slug":"le-inutili-e-pericolose-grandi-opere","status":"publish","type":"post","link":"https:\/\/lacittafutura.net\/adrianozanon\/2024\/02\/10\/le-inutili-e-pericolose-grandi-opere\/","title":{"rendered":"La guerra dei trent&#8217;anni (e oltre)"},"content":{"rendered":"<ul>La situazione peggiora di giorno in giorno, di mese in mese, di anno in anno. Siamo dentro la guerra e dobbiamo esserne consapevoli. Per cambiare il trend non bastano le battute, le prese di distanza, le preghiere mattutine, ignorare i mass media (tv in primis, ma non solo). Qui, Paolo Favilli ci spiega che non \u00e8 neanche una serie di eventi iniziati da poco. Cerchiamo di capirli meglio.<\/ul>\n<h4><em><br \/>\nLa \u00abguerra mondiale\u00bb<\/em><br \/>\n<strong>Trent&#8217;anni di conflitto armato a pezzi<\/strong><\/h4>\n<h4>di Paolo Favilli<\/h4>\n<h4><strong>\u00ab\u00c8 una gran cosa essere capaci di vedere ci\u00f2 che \u00e8 sotto il proprio naso.<\/strong> Di solito non lo facciamo, ma \u00e8 un grande talento da coltivare\u00bb. Si tratta di un\u2019affermazione espressa nell\u2019immediato dopoguerra dal grande saggista Dwight Macdonald, ripresa poi da Noam Chomsky nel suo <em>Le conseguenze del capitalismo del 2021<\/em>. Per comprendere la \u00abguerra mondiale a pezzi\u00bb che si sta svolgendo sotto il nostro naso bisogna cercare di vedere quello che sotto il nostro naso era gi\u00e0 evidente agli inizi degli anni Novanta del Novecento.<\/h4>\n<h4><ins datetime=\"2024-02-10T22:18:37+00:00\">Zbigniew Brzezinski, nel 1993 (<em>Il mondo fuori controllo<\/em>) e poi soprattutto nel 1997 (<em>La grande scacchiera. Il mondo e la politica nell\u2019era della supremazia americana<\/em>), aveva costruito il quadro teorico entro il quale doveva muoversi, in maniera articolata, tutta l\u2019immensa forza di cui disponeva la potenza vincitrice della guerra fredda. Il nuovo ordine mondiale, il modo in cui la globalizzazione doveva essere governata, non sarebbero stati il frutto della naturale espansione del libero mercato, bens\u00ec di una realt\u00e0 da plasmare in maniera tale che l\u2019affermazione del Washington consensus potesse svolgersi in piena sicurezza.<\/ins><\/h4>\n<h4><strong>Per plasmare il nuovo ordine mondiale occorreva una politica internazionale che non si limitasse alla difesa di uno statu quo<\/strong>, che pure era il risultato di una vittoria epocale sull\u2019Urss, il nemico storico del Novecento. <strong>Occorreva una politica costante di intervento in tutte quelle aree del mondo<\/strong> in cui il momento unipolare potesse essere messo in pericolo dal sorgere di attori competitivi. In questa visione ogni area del mondo \u00e8 considerata solo per la sua funzione geostrategica sul piano di una scacchiera nella quale il primum movens dei pezzi rimane il mantenimento dell\u2019American Superpower. Persino la vecchia Europa appare sulla scacchiera come \u00abl\u2019essenziale testa di ponte geopolitica dell\u2019America\u00bb (<em>A Geostrategy for Eurasia<\/em>, \u00abForeign Affairs\u00bb, September 1, 1997). E l\u2019Ucraina come territorio da sottrarre in ogni modo ai residui di influenza russa.<\/h4>\n<h4><ins datetime=\"2024-02-10T22:32:45+00:00\">Tale sistematica \u00abteorica\u00bb si \u00e8 successivamente articolata in numerosi elaborati di ogni livello prodotti da centri studi e da centri operativi statunitensi. Una ricca documentazione del tutto sotto il nostro naso. E si \u00e8 articolata, soprattutto, nella guerra continua che, a partire dai bombardamenti Nato di quella che era, seppure in dimensioni ridotte, ancora la repubblica Federale di Jugoslavia, ha progressivamente interessato tutte le aree dell\u2019intervento attivo indicato da Brzezinski.<\/ins><\/h4>\n<h4><strong>Questo insieme di relazioni, che \u00e8 davvero sotto il nostro naso, ha nella guerra il suo principio dinamico.<\/strong> Nell\u2019esercizio teorizzato e praticato della guerra confluiscono tutti gli aspetti contraddittori dei modi di accumulazione caratterizzanti le diverse forme di capitalismo che si confrontano. Gli imperialismi conflittuali di oggi si manifestano in forma assai diversa rispetto a quella considerata come l\u2019et\u00e0 classica dell\u2019Imperialismo. Necessario dunque operare per distinzioni, avendo ben presente, per\u00f2, che la meccanica della centralizzazione del capitale accomuna nel profondo tanto la belle \u00e9poque, che l\u2019et\u00e0, da poco alle spalle, dell\u2019euforia globalizzante. A ognuna il suo 1914?<\/h4>\n<h4>Meccanica della centralizzazione e meccanica della competizione sono elementi strutturalmente compenetrati nel \u00abnuovo conflitto imperialista\u00bb, come recita il sottotitotolo di <em>La guerra capitalista<\/em>, (Brancaccio, Giammetti, Lucarelli, 2022): un \u00ablibro da leggere\u00bb (copyright Piergiorgio Bellocchio, \u00abQuaderni Piacentini\u00bb).<\/h4>\n<h4><ins datetime=\"2024-02-10T22:32:45+00:00\">I pezzi della guerra mondiale in atto, se lasciati alle loro dinamiche naturali, hanno possibilit\u00e0 di saldarsi tutt\u2019altro che esigue. Perci\u00f2 la realt\u00e0 intrisa di bellicismo cos\u00ec pervasiva nel momento attuale, \u00e8 la questione del nostro tempo. La stessa questione sociale, cos\u00ec dipendente dai rapporti di dominio che la guerra ridefinisce continuamente, deve esserne pensata come aspetto.<\/ins><\/h4>\n<h4><strong>L\u2019orrore che ci sovrasta non pu\u00f2 essere combattutto solo con posizioni ireniche<\/strong>, che pure sono ammirevoli e indispensabili. In Italia, in questo momento, si sta discutendo della presentazione alle prossime elezioni europee di una lista non tanto pacifista, bens\u00ec contro la guerra. Il che significa contro le ragioni della guerra. \u00c8 essenziale che l\u2019iniziativa in corso abbia esiti positivi. \u00c8 anche il modo di rifiutare l\u2019immagine dell\u2019Occidente che la retorica bellicista imperante agita come condizione necessaria per la vittoria. Il nostro Occidente non \u00e8 quello di Pizarro e di Cort\u00e9s cos\u00ec intrinseco al sistema teorico di Brzezinski, ma quello fecondo di umanismo e giustizia evocato da Erasmo da Rotterdam.<\/h4>\n<h4><em>il Manifesto<\/em>, 9 febbraio 2024<\/h4>\n","protected":false},"excerpt":{"rendered":"<p>La situazione peggiora di giorno in giorno, di mese in mese, di anno in anno. Siamo dentro la guerra e dobbiamo esserne consapevoli. Per cambiare il trend non bastano le battute, le prese di distanza, le preghiere mattutine, ignorare i &hellip; <a href=\"https:\/\/lacittafutura.net\/adrianozanon\/2024\/02\/10\/le-inutili-e-pericolose-grandi-opere\/\">Continua a leggere<span class=\"meta-nav\">&rarr;<\/span><\/a><\/p>\n","protected":false},"author":6,"featured_media":0,"comment_status":"open","ping_status":"open","sticky":false,"template":"","format":"standard","meta":{"footnotes":""},"categories":[11],"tags":[16],"class_list":["post-12163","post","type-post","status-publish","format-standard","hentry","category-pol","tag-gue"],"_links":{"self":[{"href":"https:\/\/lacittafutura.net\/adrianozanon\/wp-json\/wp\/v2\/posts\/12163","targetHints":{"allow":["GET"]}}],"collection":[{"href":"https:\/\/lacittafutura.net\/adrianozanon\/wp-json\/wp\/v2\/posts"}],"about":[{"href":"https:\/\/lacittafutura.net\/adrianozanon\/wp-json\/wp\/v2\/types\/post"}],"author":[{"embeddable":true,"href":"https:\/\/lacittafutura.net\/adrianozanon\/wp-json\/wp\/v2\/users\/6"}],"replies":[{"embeddable":true,"href":"https:\/\/lacittafutura.net\/adrianozanon\/wp-json\/wp\/v2\/comments?post=12163"}],"version-history":[{"count":8,"href":"https:\/\/lacittafutura.net\/adrianozanon\/wp-json\/wp\/v2\/posts\/12163\/revisions"}],"predecessor-version":[{"id":12175,"href":"https:\/\/lacittafutura.net\/adrianozanon\/wp-json\/wp\/v2\/posts\/12163\/revisions\/12175"}],"wp:attachment":[{"href":"https:\/\/lacittafutura.net\/adrianozanon\/wp-json\/wp\/v2\/media?parent=12163"}],"wp:term":[{"taxonomy":"category","embeddable":true,"href":"https:\/\/lacittafutura.net\/adrianozanon\/wp-json\/wp\/v2\/categories?post=12163"},{"taxonomy":"post_tag","embeddable":true,"href":"https:\/\/lacittafutura.net\/adrianozanon\/wp-json\/wp\/v2\/tags?post=12163"}],"curies":[{"name":"wp","href":"https:\/\/api.w.org\/{rel}","templated":true}]}}