{"id":12093,"date":"2018-03-01T10:10:02","date_gmt":"2018-03-01T10:10:02","guid":{"rendered":"http:\/\/lacittafutura.net\/adrianozanon\/?p=12093"},"modified":"2018-03-05T16:01:52","modified_gmt":"2018-03-05T16:01:52","slug":"liberi-e-uguali-un-progetto-da-votare","status":"publish","type":"post","link":"https:\/\/lacittafutura.net\/adrianozanon\/2018\/03\/01\/liberi-e-uguali-un-progetto-da-votare\/","title":{"rendered":"&#8220;Liberi e uguali&#8221;, un progetto da votare"},"content":{"rendered":"<p><img decoding=\"async\" class=\"aligncenter\" src=\"https:\/\/impariamolacostituzione.files.wordpress.com\/2010\/03\/art3-testo.jpg\" alt=\"\" \/><\/p>\n<p><strong>Cinque anni fa, alla vigilia delle elezioni del 2013<\/strong>, il mio <a href=\"http:\/\/lacittafutura.net\/adrianozanon\/2013\/02\/22\/elezioni-2-dopo-il-voto\/\">appello\u00a0<\/a>riportava un&#8217;osservazione\u00a0di ALBA, il soggetto politico nuovo che sarebbe fallito poco dopo,\u00a0a due anni dalla nascita:<\/p>\n<h5 style=\"padding-left: 30px;\">Al centro di questa campagna elettorale non ci sono affatto le grandi crisi che stiamo vivendo: la crisi economica, la crisi del lavoro, la crisi ambientale, la crisi della democrazia, la crisi della cultura e del sistema formativo, la crisi dell\u2019Europa e la crisi dei partiti e delle classi dirigenti italiane. E infine quella delle sinistre. Un nuovo pensiero politico, un progetto politico nuovo devono invece cimentarsi con questo scenario, perch\u00e9 i temi del rinnovamento della politica e di una risposta altra ad una crisi di sistema sono sempre pi\u00f9 all\u2019ordine del giorno.<\/h5>\n<p>Da allora cos&#8217;\u00e8 cambiato? Rispetto alle questioni di fondo, le crisi elencate,\u00a0direi niente. Mancava allora la crisi dell&#8217;immigrazione, che a ben vedere \u00e8\u00a0una conseguenza della successiva miseria\u00a0della politica, nazionale e internazionale.\u00a0E&#8217; infatti\u00a0su questa nuova rotatoria che girano quelle promesse ed azioni che hanno spostato con naturalezza lo scontro sul terreno pi\u00f9 vitale alle destre, vecchie\u00a0o riciclate.<\/p>\n<p>Certo, \u00e8 cambiato in peggio anche il mondo politico esterno, in Europa come in America, ma in Italia in\u00a0cinque anni di governi centrati sul Pd e con alleati di destra, gli interventi legislativi, le cosiddette riforme, sono stati portati avanti senza l&#8217;opposizione di un&#8217;adeguata forza parlamentare di sinistra e senza una reazione degna della societ\u00e0 civile, dai sindacati ai gruppi ambientalisti in testa. Cos\u00ec l&#8217;inerzia della fine della precedente legislatura, il governo Monti, \u00e8 rimasta\u00a0senza attriti. Un&#8217;inerzia che potrebbe risultare fatale per un altro ventennio nazionale.<\/p>\n<p>Un&#8217;inerzia che ha stabilizzato\u00a0il M5S al 25-30%. Un&#8217;entit\u00e0 politica\u00a0frutto di un esperimento possibile solo nella societ\u00e0 unidimensionale, quindi senza una cultura storica e senza una\u00a0prassi critica e democratica interna,\u00a0capace oggi\u00a0di orientamenti random su\u00a0tutte le questioni strategiche.<\/p>\n<p>Un&#8217;inerzia che ha permesso la ricostruzione di una coalizione di destra che &#8211;\u00a0con il 35-40% dei sondaggi recenti &#8211; si candida a rigovernare dopo i disastri provocati nella legislatura 2008-2013. E questo anche grazie ad una legge elettorale attentamente concordata col Pd per scegliere e controllare con cura i parlamentari eletti.<\/p>\n<p>Un&#8217;inerzia che ha\u00a0alimentato il\u00a0protagonismo di ben due formazioni neofasciste, una bigotta ed una materialista (roba da non crederci), capaci di tornar utili in qualche modo, almeno fuori, se\u00a0non proprio in parlamento.<\/p>\n<p><strong>In questi cinque anni si \u00e8 tentato di cancellare\u00a0la storia e l&#8217;idea stessa della sinistra italiana.<\/strong> Questo \u00e8 successo. Oggi nessuno parla pi\u00f9 di alleanze o compromessi a sinistra o di centro-sinistra, neanche tra\u00a0laici e cattolici, tra progressisti ed ambientalisti, tra riformisti e radicali di sinistra. Niente pi\u00f9 Ulivo, figurarsi Arcobaleno, superati da vocazioni maggioritarie e da personalissime ingegnerie elettoralistiche dell&#8217;ultimo momento (che portano anche al\u00a0fallimento emblematico di un politico esperto come Pisapia).<\/p>\n<p>Per\u00f2 ora a sinistra non\u00a0siamo all&#8217;anno zero, ma almeno all&#8217;anno -2. E&#8217; chiaro infatti che per affrontare da sinistra un&#8217;elezione nazionale ci volevano almeno 18-24 mesi di analisi, discussioni, rotture e sintesi. Non c&#8217;\u00e8 stato nessun tempo a disposizione, fondamentalmente perch\u00e8 dopo l&#8217;approvazione del Jobs Act (novembre 2014) e l&#8217;uscita di Civati dal Pd (maggio 2015) la sinistra interna la\u00a0Pd si \u00e8 trastullata per due anni sperando nella caduta di qualche meteorite su Renzi. Ma neanche la sconfitta al referendum costituzionale (dicembre 2016) ha cambiato l&#8217;inerzia. E la responsabilit\u00e0 di questa abul\u00eca rester\u00e0\u00a0scritta nella storia politica\u00a0di questo nostro paese.<\/p>\n<p><strong>Eppure\u00a0adesso a sinistra c&#8217;\u00e8 una chiara novit\u00e0. Si \u00e8 formata una lista, Liberi e Uguali,<\/strong> che poggia su tre forze esistenti, <a href=\"https:\/\/www.possibile.com\/splash\/\">Possibile<\/a> di\u00a0Giuseppe Civati, <a href=\"http:\/\/www.sinistraitaliana.si\/\">Sinistra Italiana<\/a> di Nicola Fratoianni, <a href=\"https:\/\/articolo1mdp.it\/\">Art.1-Mdp<\/a> (Articolo1 Movimento Democratico Progressista) di Roberto Speranza e tante altre figure di intellettuali e della societ\u00e0 civile, tra cui <a href=\"https:\/\/it.wikipedia.org\/wiki\/Anna_Falcone\">Anna Falcone<\/a>. Lo speaker di questa campagna elettorale \u00e8\u00a0<a href=\"https:\/\/it.wikipedia.org\/wiki\/Pietro_Grasso\">Pietro Grasso<\/a>, presidente del Senato uscente, uno che non teme certo di metterci la faccia.\u00a0E lo fanno anche alcuni gi\u00e0 segretari dei partiti post Pci come <a href=\"https:\/\/it.wikipedia.org\/wiki\/Massimo_D%27Alema\">Massimo D&#8217;Alema <\/a>e Pier <a href=\"https:\/\/it.wikipedia.org\/wiki\/Pier_Luigi_Bersani\">Luigi Bersani<\/a>. E coi nomi mi fermo, non \u00e8 detto che sia produttivo elencarne troppi.<\/p>\n<p>La parte pi\u00f9 interessante \u00e8 infatti il <a href=\"http:\/\/liberieuguali.it\/programma\/\">progetto<\/a> che ha una premessa chiara:<\/p>\n<h5 style=\"padding-left: 30px;\">Il <strong>progetto<\/strong> di Liberi e Uguali nasce per restituire <strong>speranza<\/strong> nella democrazia a milioni di cittadine e cittadini che oggi non si sentono pi\u00f9 rappresentati da nessuno e che hanno bisogno di un <strong>cambiamento concreto<\/strong> nell&#8217;interesse dei <strong>molti<\/strong> che hanno poco e non dei <strong>pochi<\/strong> che hanno troppo.<\/h5>\n<p>Per me,\u00a0il testo completo riflette l&#8217;antico\u00a0approccio\u00a0economicista, del tutto obsoleto. C&#8217;\u00e8 infatti sempre l&#8217;orizzonte progressista &#8211; tradotto nella famigerata crescita &#8211; e la manovra\u00a0keynesiana, ma\u00a0in assenza di\u00a0un&#8217;adeguata analisi della finanza globale. E non si d\u00e0 lo spazio necessario al\u00a0nodo dell&#8217;Unione Europea. Probabilmente dentro\u00a0c&#8217;\u00e8 pi\u00f9 prudenza che slancio, in un momento in cui servono passione, lucidit\u00e0 e concretezza inauditi.\u00a0Ma c&#8217;\u00e8 anche un buon, anzi ottimo, fondamento.<\/p>\n<p><strong>Nel\u00a0progetto di Liberi e Uguali \u00e8 espresso chiaramente il ruolo del principio eguaglianza.<\/strong>\u00a0In questi ultimi dieci anni \u00e8\u00a0la prima\u00a0prima volta che nella politica italiana questo principio \u00e8 la base di una forza politica che pu\u00f2 avere un ruolo importante, con\u00a0consensi non marginali, per non dire\u00a0fallimentari come negli\u00a0ultimi tentativi (Arcobaleno nel 2008, Rivoluzione Civile nel 2013).<\/p>\n<p>E io credo che su questa base sia possibile avere un buon risultato elettorale, per riprendere il discorso gi\u00e0 il 5 marzo, per cominciare a\u00a0cambiare veramente lo stato di cose esistente. Siamo all&#8217;inizio di un cambiamento possibile, non certo automatico. Andiamo quindi a votare.<\/p>\n<p><strong>Io voto e chiedo di votare Liberi e Uguali. Buon 4 marzo a tutti noi!<\/strong><\/p>\n<p><em>(Questo invito al voto \u00e8 mio personale e ovviamente non impegna la lista della Citt\u00e0 Futura.)<\/em><\/p>\n","protected":false},"excerpt":{"rendered":"<p>Cinque anni fa, alla vigilia delle elezioni del 2013, il mio appello\u00a0riportava un&#8217;osservazione\u00a0di ALBA, il soggetto politico nuovo che sarebbe fallito poco dopo,\u00a0a due anni dalla nascita: Al centro di questa campagna elettorale non ci sono affatto le grandi crisi &hellip; <a href=\"https:\/\/lacittafutura.net\/adrianozanon\/2018\/03\/01\/liberi-e-uguali-un-progetto-da-votare\/\">Continua a leggere<span class=\"meta-nav\">&rarr;<\/span><\/a><\/p>\n","protected":false},"author":6,"featured_media":0,"comment_status":"open","ping_status":"open","sticky":false,"template":"","format":"standard","meta":{"footnotes":""},"categories":[11],"tags":[219,221],"class_list":["post-12093","post","type-post","status-publish","format-standard","hentry","category-pol","tag-elezioni-2018","tag-leu"],"_links":{"self":[{"href":"https:\/\/lacittafutura.net\/adrianozanon\/wp-json\/wp\/v2\/posts\/12093","targetHints":{"allow":["GET"]}}],"collection":[{"href":"https:\/\/lacittafutura.net\/adrianozanon\/wp-json\/wp\/v2\/posts"}],"about":[{"href":"https:\/\/lacittafutura.net\/adrianozanon\/wp-json\/wp\/v2\/types\/post"}],"author":[{"embeddable":true,"href":"https:\/\/lacittafutura.net\/adrianozanon\/wp-json\/wp\/v2\/users\/6"}],"replies":[{"embeddable":true,"href":"https:\/\/lacittafutura.net\/adrianozanon\/wp-json\/wp\/v2\/comments?post=12093"}],"version-history":[{"count":38,"href":"https:\/\/lacittafutura.net\/adrianozanon\/wp-json\/wp\/v2\/posts\/12093\/revisions"}],"predecessor-version":[{"id":12135,"href":"https:\/\/lacittafutura.net\/adrianozanon\/wp-json\/wp\/v2\/posts\/12093\/revisions\/12135"}],"wp:attachment":[{"href":"https:\/\/lacittafutura.net\/adrianozanon\/wp-json\/wp\/v2\/media?parent=12093"}],"wp:term":[{"taxonomy":"category","embeddable":true,"href":"https:\/\/lacittafutura.net\/adrianozanon\/wp-json\/wp\/v2\/categories?post=12093"},{"taxonomy":"post_tag","embeddable":true,"href":"https:\/\/lacittafutura.net\/adrianozanon\/wp-json\/wp\/v2\/tags?post=12093"}],"curies":[{"name":"wp","href":"https:\/\/api.w.org\/{rel}","templated":true}]}}