{"id":11647,"date":"2016-09-13T07:10:03","date_gmt":"2016-09-13T07:10:03","guid":{"rendered":"http:\/\/lacittafutura.net\/adrianozanon\/?p=11647"},"modified":"2016-09-13T09:30:22","modified_gmt":"2016-09-13T09:30:22","slug":"lo-stato-della-vergogna","status":"publish","type":"post","link":"https:\/\/lacittafutura.net\/adrianozanon\/2016\/09\/13\/lo-stato-della-vergogna\/","title":{"rendered":"Lo stato della vergogna"},"content":{"rendered":"<div style=\"width: 650px\" class=\"wp-caption aligncenter\"><img loading=\"lazy\" decoding=\"async\" class=\"mw-mmv-final-image jpg mw-mmv-dialog-is-open\" src=\"https:\/\/upload.wikimedia.org\/wikipedia\/commons\/9\/99\/Fabrizio_Gatti_by_Martina_Zaninelli_-_International_Journalism_Festival_2011.jpg\" alt=\"\" width=\"640\" height=\"427\" \/><p class=\"wp-caption-text\">Fabrizio Gatti, giornalista de l&#8217;Espresso<\/p><\/div>\n<p><strong>Lo stato, anzi lo Stato della vergogna \u00e8 quello nostro, lo Stato italiano<\/strong> che permette quello che succede nel Cara (Centro d\u2019accoglienza per richiedenti asilo) di Borgo Mezzanone vicino a Foggia, il terzo per dimensioni in Italia. Ancora una volta a raccontarci tale stato \u00e8 <a href=\"https:\/\/it.wikipedia.org\/wiki\/Fabrizio_Gatti\">Fabrizio Gatti<\/a>, giornalista d&#8217;assalto de <em>l&#8217;Espresso<\/em>.<\/p>\n<p>Riporto solo un estratto iniziale, ma invito a leggere e guardare tutto il materiale <a href=\"http:\/\/espresso.repubblica.it\/inchieste\/2016\/09\/12\/news\/sette-giorni-all-inferno-diario-di-un-finto-rifugiato-nel-ghetto-di-stato-1.282517\">pubblicato<\/a> anche online sul sito del settimanale.<\/p>\n<h5 style=\"padding-left: 30px;\">No, questa non \u00e8 una bidonville. \u00c8 un ghetto di Stato: il Cara di Borgo Mezzanone vicino a Foggia, il Centro d\u2019accoglienza per richiedenti asilo, il terzo per dimensioni in Italia. Ce ne sono molti altri di stanzoni ricoperti di corpi. I ragazzi africani vengono sfruttati anche quando dormono. Per trattarli cos\u00ec, il consorzio \u201cSisifo\u201d della Lega delle cooperative rosse, e la sua consorziata bianca \u201cSenis Hospes\u201d, amministrata da manager cresciuti sotto l\u2019ombrello di Comunione e liberazione, incassano dal governo una fortuna: ventidue euro al giorno a persona, quattordicimila euro ogni ventiquattro ore, oltre quindici milioni d\u2019appalto in tre anni. Pi\u00f9 eventuali compensi straordinari, secondo le emergenze del momento.<\/h5>\n<h5 style=\"padding-left: 30px;\">La quinta notte rinchiuso qui dentro ho gi\u00e0 visto i gangster nigeriani entrare nel Cara a prelevare le ragazzine da far prostituire. I cani randagi urinare sulle scarpe degli ospiti messe all\u2019aria ad asciugare. E perfino i trafficanti afghani offrire viaggi nei camion per l\u2019Inghilterra. Mi hanno anche interrogato. Un picciotto dei nigeriani, non la polizia. Agenti e soldati di guardia non si muovono dal piazzale asettico del cancello di ingresso. In una settimana, mai incontrati. Nessuno protegge i 636 ospiti dichiarati nel contratto d\u2019appalto. Ma siamo sicuramente pi\u00f9 di mille. Contando gli abusivi, forse millecinquecento. Perch\u00e9 da quattro buchi nella recinzione, chiunque pu\u00f2 passare. E da l\u00ec sono entrato anch\u2019io. Un nome falso, una storia personale inventata. Da luned\u00ec 15 a domenica 21 agosto. Una settimana come tante. Nulla \u00e8 cambiato, nemmeno oggi. Quello che segue \u00e8 il mio diario da finto rifugiato nel Ghetto di Stato.<\/h5>\n","protected":false},"excerpt":{"rendered":"<p>Lo stato, anzi lo Stato della vergogna \u00e8 quello nostro, lo Stato italiano che permette quello che succede nel Cara (Centro d\u2019accoglienza per richiedenti asilo) di Borgo Mezzanone vicino a Foggia, il terzo per dimensioni in Italia. Ancora una volta &hellip; <a href=\"https:\/\/lacittafutura.net\/adrianozanon\/2016\/09\/13\/lo-stato-della-vergogna\/\">Continua a leggere<span class=\"meta-nav\">&rarr;<\/span><\/a><\/p>\n","protected":false},"author":6,"featured_media":0,"comment_status":"open","ping_status":"open","sticky":false,"template":"","format":"standard","meta":{"footnotes":""},"categories":[66,11],"tags":[208],"class_list":["post-11647","post","type-post","status-publish","format-standard","hentry","category-cronaca","category-pol","tag-migranti"],"_links":{"self":[{"href":"https:\/\/lacittafutura.net\/adrianozanon\/wp-json\/wp\/v2\/posts\/11647","targetHints":{"allow":["GET"]}}],"collection":[{"href":"https:\/\/lacittafutura.net\/adrianozanon\/wp-json\/wp\/v2\/posts"}],"about":[{"href":"https:\/\/lacittafutura.net\/adrianozanon\/wp-json\/wp\/v2\/types\/post"}],"author":[{"embeddable":true,"href":"https:\/\/lacittafutura.net\/adrianozanon\/wp-json\/wp\/v2\/users\/6"}],"replies":[{"embeddable":true,"href":"https:\/\/lacittafutura.net\/adrianozanon\/wp-json\/wp\/v2\/comments?post=11647"}],"version-history":[{"count":4,"href":"https:\/\/lacittafutura.net\/adrianozanon\/wp-json\/wp\/v2\/posts\/11647\/revisions"}],"predecessor-version":[{"id":11652,"href":"https:\/\/lacittafutura.net\/adrianozanon\/wp-json\/wp\/v2\/posts\/11647\/revisions\/11652"}],"wp:attachment":[{"href":"https:\/\/lacittafutura.net\/adrianozanon\/wp-json\/wp\/v2\/media?parent=11647"}],"wp:term":[{"taxonomy":"category","embeddable":true,"href":"https:\/\/lacittafutura.net\/adrianozanon\/wp-json\/wp\/v2\/categories?post=11647"},{"taxonomy":"post_tag","embeddable":true,"href":"https:\/\/lacittafutura.net\/adrianozanon\/wp-json\/wp\/v2\/tags?post=11647"}],"curies":[{"name":"wp","href":"https:\/\/api.w.org\/{rel}","templated":true}]}}