{"id":11571,"date":"2016-07-21T09:30:53","date_gmt":"2016-07-21T09:30:53","guid":{"rendered":"http:\/\/lacittafutura.net\/adrianozanon\/?p=11571"},"modified":"2016-07-21T16:05:55","modified_gmt":"2016-07-21T16:05:55","slug":"boschi-lindecenza-intellettuale","status":"publish","type":"post","link":"https:\/\/lacittafutura.net\/adrianozanon\/2016\/07\/21\/boschi-lindecenza-intellettuale\/","title":{"rendered":"Boschi, l\u2019indecenza intellettuale"},"content":{"rendered":"<p><img loading=\"lazy\" decoding=\"async\" class=\"lazy-load img-thumbnail aligncenter\" src=\"http:\/\/ilmanifesto.info\/cms\/wp-content\/uploads\/2016\/07\/11\/12prima-boschi-renzi-lapresse-29-1.jpg\" alt=\"\" width=\"505\" height=\"351\" data-src=\"http:\/\/ilmanifesto.info\/cms\/wp-content\/uploads\/2016\/07\/11\/12prima-boschi-renzi-lapresse-29-1.jpg\" \/><br \/>\nNon sappiamo quando voteremo al referendum per la riforma costituzionale, non sappiamo neppure come, visto che \u00e8 ancora in piedi l&#8217;ipotesi del cosiddetto <a href=\"http:\/\/ilmanifesto.info\/pacco-contropacco-e-spacchettamento\/\">spacchettamento<\/a>, cio\u00e8 la divisione in pi\u00f9 quesiti referendari. Ma il clima \u00e8 gi\u00e0 stato ben riscaldato da alcune uscite piuttosto forti, tra queste <a href=\"http:\/\/www.ilfattoquotidiano.it\/premium\/articoli\/la-boschi-sfrutta-il-terrore-votate-si-per-unitalia-sicura\/\">quella<\/a> del ministro Maria Elena Boschi\u00a0che collega la riforma al terrorismo. La miglior risposta letta finora mi pare questa di <a href=\"https:\/\/it.wikipedia.org\/wiki\/Maurizio_Viroli\">Maurizio Viroli<\/a>\u00a0su <em>Il Fatto Quotidiano<\/em> di oggi. (Grassetto ed evidenziazioni sono miei.)<\/p>\n<h5 style=\"padding-left: 30px;\"><a href=\"http:\/\/www.ilfattoquotidiano.it\/premium\/articoli\/boschi-lindecenza-intellettuale\/\"><strong>Boschi, l\u2019indecenza intellettuale<\/strong><\/a><br \/>\ndi Maurizio Viroli<\/h5>\n<h5 style=\"padding-left: 30px;\"><ins datetime=\"2016-07-21T09:25:00+00:00\">Con la sua ultima dichiarazione <\/ins>\u2013 \u201cAbbiamo bisogno di un\u2019Europa pi\u00f9 forte e in grado di rispondere insieme, unita, al terrorismo internazionale, e all\u2019instabilit\u00e0. E per riuscirci abbiamo bisogno anche di un\u2019Italia pi\u00f9 forte verso l\u2019Europa, pi\u00f9 credibile: quindi di una Costituzione che ci consenta maggiore stabilit\u00e0\u201d \u2013, <ins datetime=\"2016-07-21T09:25:00+00:00\">la ministra Maria Elena Boschi ha passato il segno della decenza intellettuale. Intellettuale, sottolineo, perch\u00e9 un\u2019affermazione siffatta prende a calci la logica e la storia<\/ins>.<\/h5>\n<h5 style=\"padding-left: 30px;\">La ministra a dire il vero ci aveva gi\u00e0 abituati a simili capolavori quando dichiar\u00f2 che la riforma garantir\u00e0 \u201cuna crescita del Pil dello 0,6 per cento nei prossimi dieci anni\u201d. Il trucco retorico (retorica da parrocchia, quella seria \u00e8 un\u2019altra cosa) \u00e8 sempre il medesimo: affermare che esiste un evidente legame di causa ed effetto fra due ordini di fatti che sono del tutto indipendenti, quali appunto la riforma costituzionale e la crescita economica. Legame mai dimostrato con qualche straccio di argomento, ma proclamato con il tono dell\u2019oracolo (o dovrei scrivere oracola?).<\/h5>\n<h5 style=\"padding-left: 30px;\"><ins datetime=\"2016-07-21T09:25:00+00:00\">Stile del resto imitato anche da altri sostenitori del \u2018S\u00ec\u2019 <\/ins>quando invece di ripetere con il viso sorridente che se ci sar\u00e0 la riforma avremo grandi benefici, tuonano con occhi minacciosi che se non ci sar\u00e0 la riforma si abbatteranno sulla povera Italia flagelli e cataclismi a petto dei quali le piaghe d\u2019Egitto sembreranno modesti inconvenienti. Esempi di questa retorica, anch\u2019essa da parrocchia, sono <strong>il presidente del Consiglio<\/strong>: con la vittoria del No \u201cl\u2019Italia diventa ingovernabile e in Europa non ci fila pi\u00f9 nessuno\u201d; <strong>il presidente emerito Giorgio Napolitano<\/strong>: \u201cIl No comporterebbe la paralisi definitiva, la sepoltura dell\u2019idea di revisione della Costituzione\u201d (perch\u00e9? Non ci sar\u00e0 pi\u00f9 un Parlamento?) e <strong>il direttore del Centro Studi della Confindustria<\/strong> che spiega che nel caso di una vittoria del No ci sar\u00e0 una perdita di 589 euro di Pil pro capite e di 577.000 unit\u00e0 di lavoro per il 2019, caos politico, aumento dello spread, fuga di capitali, crollo della fiducia e, ovviamente, svalutazione.<\/h5>\n<h5 style=\"padding-left: 30px;\">Ma, osservavo, l\u2019ultima dichiarazione sul legame che stringe nuova Costituzione e lotta al terrorismo internazionale supera per indecenza intellettuale tutti i precedenti spropositi. In primo luogo la stabilit\u00e0 del governo italiano non c\u2019entra assolutamente nulla con la capacit\u00e0 dell\u2019Europa di combattere unita il terrorismo. Con la nuova Costituzione, come con qualsiasi Costituzione, potrebbe andare al governo un partito o una coalizione del tutto inetta a combattere il terrorismo e recalcitrante a contribuire a un comune sforzo europeo. <ins datetime=\"2016-07-21T09:25:00+00:00\">Alla ministra qualcuno dovrebbe ricordare che con la nostra Costituzione la Repubblica ha saputo vincere una lotta mortale contro il terrorismo delle Brigate Rosse e del neofascismo, un terrorismo almeno altrettanto pericoloso di quello dei fondamentalisti islamici.<\/ins> Lo sa la ministra che con la nostra Costituzione venne votata in poche ore la fiducia al governo (Andreotti IV) il giorno stesso del rapimento Moro, e vennero poi approvate da Camera e Senato leggi eccezionali per la lotta al terrorismo? Qualcuno le ha detto che se il terrorismo \u00e8 stato sconfitto \u00e8 stato soprattutto grazie alla forte unit\u00e0 morale e politica che in quegli anni tremendi si form\u00f2 attorno alla Costituzione, mentre la nuova Costituzione, approvata sempre a stretta maggioranza, non avr\u00e0 mai la medesima capacit\u00e0 di unire gli italiani? E qualcuno si \u00e8 posto il problema che con la Costituzione Boschi-Renzi-Verdini per deliberare lo stato di guerra baster\u00e0 la maggioranza assoluta della Camera, e quindi sar\u00e0 pi\u00f9 facile per un governo, dopo un devastante attentato, dichiarare una guerra insensata contro il terrorismo e ripetere gli errori dell\u2019America di Bush di cui ancora paghiamo le conseguenze?<\/h5>\n<h5 style=\"padding-left: 30px;\"><ins datetime=\"2016-07-21T09:25:00+00:00\">Non ho letto tutti gli argomenti di tutti i sostenitori del No, ma quelli che conosco hanno ben altra probit\u00e0 intellettuale.<\/ins> Nessuno, che io sappia, ha sostenuto che se la riforma sar\u00e0 respinta avremo benessere economico, massima occupazione, rinnovata credibilit\u00e0 internazionale, e sgomineremo l\u2019Isis. Nessuno ha disegnato scenari di catastrofe politica e sociale nel caso di vittoria del S\u00ec. Ci siamo limitati a mettere in evidenza le conseguenze dimostrabili della riforma sul sistema istituzionale della Repubblica.<\/h5>\n<h5 style=\"padding-left: 30px;\">Adesso capisco perch\u00e9 la ministra Boschi non vuole accogliere l\u2019invito a un pubblico dibattito (rivoltole pi\u00f9 volte da Marco Travaglio, e, da ultimo, dal presidente di Giustizia e Libert\u00e0 Nadia Urbinati). In un confronto serio farebbe una figuraccia. <ins datetime=\"2016-07-21T09:25:00+00:00\">Ma il bello deve ancora venire. Scommetto che la prossima dichiarazione sar\u00e0: \u201cBasta un S\u00ec e perderai dieci chili in due giorni, ti ricresceranno i capelli e vincerai alla lotteria\u201d. Quella degli imbecilli<\/ins>.<\/h5>\n<h5 style=\"padding-left: 30px;\">(<em>Il Fatto Quotidiano<\/em>, 21 luglio 2016)<\/h5>\n<p>&nbsp;<\/p>\n","protected":false},"excerpt":{"rendered":"<p>Non sappiamo quando voteremo al referendum per la riforma costituzionale, non sappiamo neppure come, visto che \u00e8 ancora in piedi l&#8217;ipotesi del cosiddetto spacchettamento, cio\u00e8 la divisione in pi\u00f9 quesiti referendari. Ma il clima \u00e8 gi\u00e0 stato ben riscaldato da &hellip; <a href=\"https:\/\/lacittafutura.net\/adrianozanon\/2016\/07\/21\/boschi-lindecenza-intellettuale\/\">Continua a leggere<span class=\"meta-nav\">&rarr;<\/span><\/a><\/p>\n","protected":false},"author":6,"featured_media":0,"comment_status":"open","ping_status":"open","sticky":false,"template":"","format":"standard","meta":{"footnotes":""},"categories":[11],"tags":[160,204],"class_list":["post-11571","post","type-post","status-publish","format-standard","hentry","category-pol","tag-costituzione","tag-referendum-2016"],"_links":{"self":[{"href":"https:\/\/lacittafutura.net\/adrianozanon\/wp-json\/wp\/v2\/posts\/11571","targetHints":{"allow":["GET"]}}],"collection":[{"href":"https:\/\/lacittafutura.net\/adrianozanon\/wp-json\/wp\/v2\/posts"}],"about":[{"href":"https:\/\/lacittafutura.net\/adrianozanon\/wp-json\/wp\/v2\/types\/post"}],"author":[{"embeddable":true,"href":"https:\/\/lacittafutura.net\/adrianozanon\/wp-json\/wp\/v2\/users\/6"}],"replies":[{"embeddable":true,"href":"https:\/\/lacittafutura.net\/adrianozanon\/wp-json\/wp\/v2\/comments?post=11571"}],"version-history":[{"count":5,"href":"https:\/\/lacittafutura.net\/adrianozanon\/wp-json\/wp\/v2\/posts\/11571\/revisions"}],"predecessor-version":[{"id":11576,"href":"https:\/\/lacittafutura.net\/adrianozanon\/wp-json\/wp\/v2\/posts\/11571\/revisions\/11576"}],"wp:attachment":[{"href":"https:\/\/lacittafutura.net\/adrianozanon\/wp-json\/wp\/v2\/media?parent=11571"}],"wp:term":[{"taxonomy":"category","embeddable":true,"href":"https:\/\/lacittafutura.net\/adrianozanon\/wp-json\/wp\/v2\/categories?post=11571"},{"taxonomy":"post_tag","embeddable":true,"href":"https:\/\/lacittafutura.net\/adrianozanon\/wp-json\/wp\/v2\/tags?post=11571"}],"curies":[{"name":"wp","href":"https:\/\/api.w.org\/{rel}","templated":true}]}}