{"id":11369,"date":"2016-05-06T18:10:29","date_gmt":"2016-05-06T18:10:29","guid":{"rendered":"http:\/\/lacittafutura.net\/adrianozanon\/?p=11369"},"modified":"2016-05-08T16:31:05","modified_gmt":"2016-05-08T16:31:05","slug":"un-no-per-ricostruire","status":"publish","type":"post","link":"https:\/\/lacittafutura.net\/adrianozanon\/2016\/05\/06\/un-no-per-ricostruire\/","title":{"rendered":"Un NO per ricostruire"},"content":{"rendered":"<p><strong>Con le uscite mediatiche di questi giorni \u00e8 partito lo scontro referendario del prossimo ottobre sulle riforme costituzionali<\/strong> volute e portate al quadruplo voto parlamentare da questa variabile maggioranza di governo. Sar\u00e0 un&#8217;estate molto calda su quest&#8217;oggetto. Ne va non solo il destino di Renzi e della sua maggioranza, ma di tutti gli italiani, anche di quelli pi\u00f9 giovani che in quest&#8217;ultimi vent&#8217;anni non hanno provato il terreno di battaglia politica fondamentale e che hanno avuto\u00a0avere un&#8217;informazione politica quasi esclusivamente da\u00a0spot televisivi. In queste settimane cercher\u00f2 quindi di mantenere\u00a0la mia attenzione su questo tema, assolutamente vitale per le nostre sorti. E per primo riporto qui sotto un articolo di Giorgio Cremaschi da <em>Micromega<\/em> (grassetto e evidenziazioni sono mie, ma tutto \u00e8 importante).<\/p>\n<h5 style=\"padding-left: 30px;\"><strong><a href=\"http:\/\/temi.repubblica.it\/micromega-online\/solo-il-no-alla-riforma-di-renzi-e-cambiamento\/\">Solo il no alla riforma di Renzi \u00e8 cambiamento<\/a>\u00a0<\/strong><br \/>\ndi Giorgio Cremaschi<\/h5>\n<h5 style=\"padding-left: 30px;\"><strong>Matteo Renzi ha dato il via alla campagna per il Si alla sua controriforma costituzionale.<\/strong> Non \u00e8 solo per svalutare le elezioni amministrative, che si preannunciano abbastanza tristi per il suo partito, che ha fatto ora questa scelta. Il plebiscito \u00e8 l&#8217;arma finale di tutti i sistemi autoritari, e spesso viene giocato quando il potere \u00e8 sicuro di vincerlo. <ins datetime=\"2016-05-06T10:16:40+00:00\">Renzi ricorre a questa arma perch\u00e9 \u00e8 convinto che solo con una investitura plebiscitaria potr\u00e0 confermare e consolidare il suo potere.<\/ins><\/h5>\n<h5 style=\"padding-left: 30px;\"><ins datetime=\"2016-05-06T10:16:40+00:00\">La domanda \u00e8: perch\u00e9 Renzi si sente cos\u00ec sicuro?<\/ins> Sulla carta il referendum sulla legge Boschi \u00e8 perso per lui. Il PD nei sondaggi viaggia attorno al trenta per cento. Anche aggiungendo tutto il mondo centrista, verdiniano, alfaniano, \u00e8 difficile pensare che lo schieramento politico per il Si superi il quaranta. Tutte le altre forze politiche, sinistra, destra, Cinque Stelle sono contro. Quindi sulla carta non ci sarebbe partita, ma perch\u00e9 invece Renzi punta tutto su di essa? <ins datetime=\"2016-05-06T10:16:40+00:00\">Perch\u00e9 pensa di sgretolare gli schieramenti politici contando sulla spinta conservatrice, dispersa ma sempre esistente, nel paese.<\/ins> Perch\u00e9 Renzi proporr\u00e0 al popolo italiano di concludere la lunga marcia pi\u00f9 che trentennale di distruzione di principi costituzionali con un sistema organicamente autoritario. Il suo vero messaggio sar\u00e0 questo: volete dare compimento alla controriforma sociale e politica iniziata negli anni 80 o volete, con il No, il salto nel buio? <ins datetime=\"2016-05-06T10:16:40+00:00\">La sua sar\u00e0 un campagna profondamente reazionaria, che far\u00e0 appello a tutti gli istinti antidemocratici che covano nel DNA di una parte del popolo italiano. Basta con i partiti, i sindacati, le proteste ed i conflitti, basta con la democrazia, ci vuole ordine.<\/ins><\/h5>\n<h5 style=\"padding-left: 30px;\">Questo il suo messaggio vero, quello su cui conta per vincere. Il resto, l&#8217;apologia del cambiamento senza chiarirne la direzione, il giovanilismo e il conflitto generazionale al posto dei contrasti sociali e di interesse, la contrapposizione tra nazione sana per il s\u00ec e sabotatori per il no, tutto il resto che Renzi presenta come il suo progressismo, \u00e8 in realt\u00e0 una facciata ancora pi\u00f9 reazionaria dei contenuti reali del suo progetto.<\/h5>\n<h5 style=\"padding-left: 30px;\">Ne \u201cIl Gattopardo\u201d, il giovane Tancredi allo zio principe di Salina spiega che perch\u00e9 tutto resti come prima, bisogna che tutto cambi. Da D&#8217;Annunzio a Mussolini fino ai giorni nostri la pi\u00f9 brutale conservazione del potere costituito, quando quest&#8217;ultimo rischiava di essere messo in discussione, si \u00e8 sempre presentata come rivoluzione del nuovo.\u00a0Matteo Renzi rientra perfettamente in questa biografia della nazione.<\/h5>\n<h5 style=\"padding-left: 30px;\">Non c&#8217;\u00e8 nulla di nuovo nella sua controriforma costituzionale. Il centro di essa in realt\u00e0 non \u00e8 il cambiamento della Carta, ma la legge ordinaria elettorale. Con l&#8217;Italicum il partito di migliore minoranza acquisisce una maggioranza devastante, tutta composta di parlamentari nominati dal capo. Ma non basta avere potere assoluto sul parlamento se non si cambia l&#8217;assetto costituzionale. La legge elettorale serve a decidere chi governa, ma la riforma costituzionale gli d\u00e0 il potere di comandare sul serio. Non c&#8217;\u00e8 niente di nuovo in tutto questo. Da sempre tutte le forze conservatrici e reazionarie in Italia vogliono un capo che faccia il capo senza opposizioni o conflitti che lo disturbino. Lasciatelo lavorare dicevano i fan di Berlusconi nel 1994, ora Renzi realizza i loro desideri.<\/h5>\n<h5 style=\"padding-left: 30px;\"><strong>Non c&#8217;\u00e8 niente di nuovo nella controriforma di Renzi<\/strong> ed \u00e8 probabile che essa finirebbe nel nulla di altri precedenti tentativi, se a suo favore non giocassero i poteri forti dell&#8217;economia e soprattutto il sistema finanziario ed il potere dell\u2019Unione Europea. Questa sar\u00e0 la carta finale che Renzi giocher\u00e0. Se vogliamo che l&#8217;Europa ci rispetti, ed a questo scopo lui si diverte ad alzare la voce contro la UE, dobbiamo approvare le riforme. \u00c8 stato cos\u00ec per la cancellazione dell&#8217;articolo 18, un successo renziano che appare anche pi\u00f9 grande ora che in Francia il paese \u00e8 in rivolta contro l&#8217;equivalente d&#8217;oltralpe del Jobs Act.<\/h5>\n<h5 style=\"padding-left: 30px;\"><ins datetime=\"2016-05-06T16:13:31+00:00\">Le riforme liberiste e le privatizzazioni sono lo scopo di tutto, per realizzarle e renderle irreversibili serve la controriforma costituzionale.<\/ins> E il primo atto di essa \u00e8 avvenuto quando ancora il governo attuale non esisteva, con un parlamento, camera e senato, che quasi all&#8217;unanimit\u00e0 ha votato la modifica dell&#8217;articolo 81. L&#8217;obbligo costituzionale del pareggio di bilancio, introdotto come applicazione del fiscal compact nei mesi della massima pressione dello spread, ha gi\u00e0 stravolto il significato sociale della Costituzione del 1948.<\/h5>\n<h5 style=\"padding-left: 30px;\">Allora la stampa conservatrice britannica comment\u00f2 che con quella decisione Keynes veniva messo fuorilegge. Poco tempo dopo la Banca Morgan chiedeva di mettere definitivamente in soffitta le costituzioni antifasciste europee, ostacolo istituzionale alle riforme liberiste. Ora la legge Boschi e l&#8217;Italicum realizzano l&#8217;opera, istituzionalizzando il sistema di potere che deve distruggere ci\u00f2 che resta dello stato sociale. <ins datetime=\"2016-05-06T16:13:31+00:00\">Se misuriamo trenta anni di discesa verso le diseguaglianze sociali, mentre passo dopo passo la nostra democrazia veniva sottomessa ai diktat della Troika, delle banche, della finanza, se pensiamo a tutto questo il Si ratifica la continuit\u00e0, il No apre la via al cambiamento.<\/ins><\/h5>\n<h5 style=\"padding-left: 30px;\">La controriforma costituzionale si sconfigge se si chiarisce il suo scopo autoritario e socialmente reazionario. Accettiamo la sfida di Renzi e proviamo a vincerla.<\/h5>\n<h5 style=\"padding-left: 30px;\"><em>(4 maggio 2016)<\/em><!-- fine TESTO --><\/h5>\n<h5 class=\"tag-dettaglio\"><\/h5>\n<h5><\/h5>\n<p><!-- Smn --><\/p>\n","protected":false},"excerpt":{"rendered":"<p>Con le uscite mediatiche di questi giorni \u00e8 partito lo scontro referendario del prossimo ottobre sulle riforme costituzionali volute e portate al quadruplo voto parlamentare da questa variabile maggioranza di governo. Sar\u00e0 un&#8217;estate molto calda su quest&#8217;oggetto. Ne va non &hellip; <a href=\"https:\/\/lacittafutura.net\/adrianozanon\/2016\/05\/06\/un-no-per-ricostruire\/\">Continua a leggere<span class=\"meta-nav\">&rarr;<\/span><\/a><\/p>\n","protected":false},"author":6,"featured_media":0,"comment_status":"open","ping_status":"open","sticky":false,"template":"","format":"standard","meta":{"footnotes":""},"categories":[11],"tags":[204],"class_list":["post-11369","post","type-post","status-publish","format-standard","hentry","category-pol","tag-referendum-2016"],"_links":{"self":[{"href":"https:\/\/lacittafutura.net\/adrianozanon\/wp-json\/wp\/v2\/posts\/11369","targetHints":{"allow":["GET"]}}],"collection":[{"href":"https:\/\/lacittafutura.net\/adrianozanon\/wp-json\/wp\/v2\/posts"}],"about":[{"href":"https:\/\/lacittafutura.net\/adrianozanon\/wp-json\/wp\/v2\/types\/post"}],"author":[{"embeddable":true,"href":"https:\/\/lacittafutura.net\/adrianozanon\/wp-json\/wp\/v2\/users\/6"}],"replies":[{"embeddable":true,"href":"https:\/\/lacittafutura.net\/adrianozanon\/wp-json\/wp\/v2\/comments?post=11369"}],"version-history":[{"count":9,"href":"https:\/\/lacittafutura.net\/adrianozanon\/wp-json\/wp\/v2\/posts\/11369\/revisions"}],"predecessor-version":[{"id":11378,"href":"https:\/\/lacittafutura.net\/adrianozanon\/wp-json\/wp\/v2\/posts\/11369\/revisions\/11378"}],"wp:attachment":[{"href":"https:\/\/lacittafutura.net\/adrianozanon\/wp-json\/wp\/v2\/media?parent=11369"}],"wp:term":[{"taxonomy":"category","embeddable":true,"href":"https:\/\/lacittafutura.net\/adrianozanon\/wp-json\/wp\/v2\/categories?post=11369"},{"taxonomy":"post_tag","embeddable":true,"href":"https:\/\/lacittafutura.net\/adrianozanon\/wp-json\/wp\/v2\/tags?post=11369"}],"curies":[{"name":"wp","href":"https:\/\/api.w.org\/{rel}","templated":true}]}}