{"id":10873,"date":"2015-06-17T18:10:04","date_gmt":"2015-06-17T18:10:04","guid":{"rendered":"http:\/\/lacittafutura.net\/adrianozanon\/?p=10873"},"modified":"2015-06-18T09:07:13","modified_gmt":"2015-06-18T09:07:13","slug":"noi-che-abbiamo-visto-merckx","status":"publish","type":"post","link":"https:\/\/lacittafutura.net\/adrianozanon\/2015\/06\/17\/noi-che-abbiamo-visto-merckx\/","title":{"rendered":"Noi che abbiamo visto pedalare Merckx"},"content":{"rendered":"<p><img decoding=\"async\" class=\"ngg-singlepic ngg-left\" src=\"http:\/\/lacittafutura.net\/adrianozanon\/wp-content\/blogs.dir\/5\/files\/ratatuia-2015\/eddy-merckx-vince-la-prima-milano-sanremo-nel-1966.jpg\" alt=\"eddy-merckx-vince-la-prima-milano-sanremo-nel-1966\" \/><\/p>\n<p><strong>Oggi Eddy Merckx compie settant&#8217;anni.<\/strong> Per chi l&#8217;ha conosciuto pu\u00f2 bastare l&#8217;articolo qui sotto di Gianni Mura, per chi \u00e8 fortunatamente cos\u00ec giovane da non averlo conosciuto non pu\u00f2 bastare n\u00e9 la bella voce <a href=\"https:\/\/it.wikipedia.org\/wiki\/Eddy_Merckx\">Wikipedia<\/a> n\u00e9 qualche video d&#8217;annata. Aspettare la Milano-Sanremo per vedere come Merckx l&#8217;avrebbe vinta \u00e8 stato un privilegio di noi sessantottini, uno dei tanti.<\/p>\n<p>Io l&#8217;ho visto passare su strada una sola volta, ma fu un evento particolare. Ero sotto naja alpina e si stava facendo il campo estivo dalle parti di Forni di Sopra. Durante una manovra, cio\u00e8 quelle simulazioni che in realt\u00e0 mi ricordavano i giochi da far west che\u00a0facevamo\u00a0da bambini con pistole e fucili di legno, ci accostammo mimetizzati e proni sotto gli alberi\u00a0al Passo della Mauria. Era l&#8217;ultima\u00a0tappa del Giro 1973, la Auronzo-Trieste. Volevo vedere quel ciclista che l&#8217;anno prima era gi\u00e0 riuscito a ripetere\u00a0la doppietta Giro-Tour (1970 e 72), come\u00a0Fausto Coppi (1949 e 52). Ma poi ne fece una terza nel 1974, una ogni due anni, a conferma che non era cosa cos\u00ec facile neppure per lui.<\/p>\n<p>Passarono in ordine Fuente, il giovane Battaglin (terzo in classifica finale) e Merckx che non li mollava neanche nell&#8217;ultima tappa, mentre non vidi Felice Gimondi che fin\u00ec secondo in classifica generale. Il ciclismo resta un grande sport anche perch\u00e9 ha avuto grandi campioni come Eddy Merckx.<\/p>\n<h5 style=\"padding-left: 30px;\"><a href=\"http:\/\/www.repubblica.it\/sport\/ciclismo\/2015\/06\/17\/news\/70_anni_merckx-117050083\/#gallery-slider=116992668\"><strong>Ciclismo: i 70 anni di Eddy Merckx, l&#8217;uomo che sapeva soltanto vincere<\/strong><\/a><br \/>\ndi Gianni Mura<\/h5>\n<h5 style=\"padding-left: 30px;\">Roma &#8211; Ha vinto tante corse, ha sconfitto tanti pregiudizi, ha obbligato e continua ad obbligare esperti e tifosi al solito vecchio esercizio: pi\u00f9 grande Coppi o Merckx? Per uscire intatti dal ginepraio, la risposta esatta \u00e8: &#8220;Coppi il pi\u00f9 grande, Merckx il pi\u00f9 forte&#8221;. La paternit\u00e0 della frase \u00e8 attribuita a Jacques Goddet, Bruno Raschi e Gian Paolo Ormezzano. Non so chi sia stato il primo ma posso  sottoscriverla. Oppure  affermare che, di tutti quelli che ho visto correre, Merckx \u00e8 stato il pi\u00f9 grande e il pi\u00f9 forte (poi, Hinault).  La grandezza non si misura solo sulle vittorie, altrimenti con Merckx non ci sarebbe sfida. Si misura anche sul valore degli avversari, e Coppi ne ha avuti, tanti e forti. Anche Merckx, per\u00f2.<\/h5>\n<h5 style=\"padding-left: 30px;\">Cominci\u00f2 quando erano agli sgoccioli Anquetil, Van Steenbergen e Van Looy. Gli altri, mescolando velocisti, uomini da corse a tappe, cronomen: Poulidor, Guimard, Thevenet, Ocana, Fuente, Jimenez, Agostinho, Gimondi, Adorni, Motta, Zilioli, Bitossi, Dancelli, Durante, Basso, Zandeg\u00f9, Zoetemelk, Van Springel, Roger De Vlaeminck, Pingeon, Reybroeck, Godefroot, Leman, Janssen, Altig, Maertens, Ritter, Sercu, Bracke. Quasi una trentina, con una loro specializzazione. Quella di Merckx era di non averne. Andava forte su tutti i terreni.<\/h5>\n<h5 style=\"padding-left: 30px;\">Si present\u00f2 a Sanremo, nel &#8217;66. Aveva finito da un mese il servizio militare. Aveva gi\u00e0 vinto un mondiale dilettanti, ma fu ugualmente una sorpresa. E per un po&#8217; si pens\u00f2 che l&#8217;eredit\u00e0 dei due grandi Rik era assicurata, ecco il nuovo dominatore delle classiche. Ma un belga forte davvero in salita si doveva ancora vederlo. Essendo belga, disse Brera, Merckx avebbe scontato una dieta povera di carboidrati. Neanche un po&#8217;, invece. Dopo una breve stagione alla corte dei due Rik (che certamente non lasciavano spazio a un pivello) e due alla Peugeot,  Eddy scelse l&#8217;Italia, le squadre italiane: tre anni con la Faema (poi Faemino), sei con la Molteni di Arcore. Vinse il Giro del &#8217;68 con un&#8217;impresa sulle Tre Cime di Lavaredo, sotto la neve in maniche corte. In 12 km di salita aveva recuperato 9&#8242; a sedici fuggitivi, tra cui Bitossi. Gli buttarono addosso una coperta di lana e lo scortarono al rifugio, dove si lav\u00f2 in una tinozza d&#8217;acqua bollente. Lo so perch\u00e9 c&#8217;ero.<\/h5>\n<h5 style=\"padding-left: 30px;\">Era un ciclismo cos\u00ec, quando faceva  caldo i corridori mettevano una foglia di verza sotto il berrettino. &#8220;Non sono mai andato cos\u00ec forte in salita&#8221;, disse Merckx anni dopo. C&#8217;ero anche nella camera numero 11 dell&#8217;hotel Excelsior di Albisola, quando Merckx in maglia rosa fu messo fuori corsa per doping. Mancavano solo i crisantemi fuori dalla porta, era tutta una processione a piccoli gruppi che Marino Vigna, col groppo in gola, filtrava sulla soglia. Prima le grandi firme, Zavoli con gli operatori del Processo alla tappa, poi gli altri alla spicciolata. Io entrai con un gruppetto della Scic (Armani, Paolini, Casalini), una pacca sulla spalla e via. Lui continuava a piangere come  un bambino che si ritrova col giocattolo rotto e quella mattina pensai: o \u00e8 un attore pi\u00f9 bravo di Marlon Brando o \u00e8 davvero innocente e qualcuno gli ha messo qualcosa nella borraccia quando tutte le bici erano accatastate fuori dal duomo di Parma, e i corridori dentro, a  messa. Non ho cambiato idea, su quell&#8217;episodio in particolare. So che in un&#8217;intervista a Philippe Brunel Merckx ha dichiarato che due giorni prima di Parma Rudi Altig gli si era presentato con una grossa borsa piena di soldi perch\u00e9 perdesse il Giro e lui gli aveva detto: &#8220;Non aprirla neanche, non voglio sapere quanto c&#8217;\u00e8 dentro, io queste cose non le faccio e basta&#8221;. Ma aveva anche escluso che Gimondi fosse al corrente: &#8220;Felice \u00e8 l&#8217;avversario pi\u00f9 leale che ho incontrato&#8221;. Infatti si trovano ancora, almeno una volta all&#8217;anno, con le mogli. &#8220;Quando Felice si alza e dice buonanotte, non devo guardare l&#8217;orologio, so che \u00e8 mezzanotte&#8221;.<\/h5>\n<h5 style=\"padding-left: 30px;\">Quel 1969 fu l&#8217;anno pi\u00f9 buio (Savona e Blois) e pi\u00f9 luminoso di Eddy. Aveva vinto la sua terza Sanremo, la Parigi-Nizza, il Fiandre con 5&#8242; su Gimondi, la Lbl. Tornato ferito a Bruxelles (su aereo messo a disposizione dalla Casa reale) fu ammesso al Tour, mentre in Belgio si boicottavano i prodotti italiani e si sfior\u00f2 una crisi diplomatica. Domin\u00f2 quel Tour da cima a fondo , conquist\u00f2 la maglia gialla, quella della montagna, quella della classifica a punti e quella  della combinata, sei vittorie di tappa, 20 giorni in maglia gialla. Ed era il suo primo Tour. Goddet coni\u00f2 &#8220;merckxismo&#8221; e la figlia di Christian Raymond, un corridore della Peugeot, &#8220;cannibale&#8221; (perch\u00e9 agli altri non lasciava neanche le briciole). Il soprannome gli \u00e8 rimasto, e non gli piace, come non gli piaceva &#8220;l&#8217;orco di Tervuren&#8221;. Gli piaceva fumare una sigaretta con filtro quand&#8217;era rilassato (ero tra i fornitori), bere una pinta di birra con i compagni, dai quali esigeva il massimo. Nel periodo delle kermesses gli capitava di andare a letto molto tardi, poi si alzava che era una rosa e gli avversari stracci.<\/h5>\n<h5 style=\"padding-left: 30px;\">E nemmeno, come questi tutti i ciclisti, arrivava da una famiglia povera. Jules e Jenny Merckx gestivano una drogheria nella periferia di Bruxelles. Eddy non aveva molta voglia di studiare. Faceva sport (corsa campestre, un po&#8217; di pugilato), tifava per l&#8217;Anderlecht ma era solo discreto da calciatore, subito vincitore  da ciclista. A chi non c&#8217;era, dir\u00f2 che Merckx andava forte in salita, in pianura e in discesa, che ha vinto anche un titolo belga di ciclocross, che ha battuto il record dell&#8217;ora, che ha vinto in pista 17 Sei Giorni. Gli chiesero: cos&#8217;\u00e8 per te lo sport? &#8220;Vincere&#8221;, rispose.<\/h5>\n<h5 style=\"padding-left: 30px;\">Nel settembre del &#8217;69 sulla pista di Blois il guidatore della sua moto fu investito, cadde e mor\u00ec. Lui se la cav\u00f2 con un trauma cranico e uno spostamento del bacino che in salita lo obbligava a una postura particolarmente dolorosa. &#8220;Ho pianto spesso per il male&#8221;. Ma resisteva bene alla fatica, non pativa n\u00e9 il caldo n\u00e9 il freddo. Era un ciclismo elementare e grandissimo. Bisogna avere una grande fantasia per vincere 7 volte la Sanremo. Ma, visto che oggi compie 70 anni, vorrei aggiungere che non era freddo n\u00e9 scostante, emanava luce da campione e calore umano, sapeva vincere, eccome, ma anche perdere. Un cardiologo piemontese, Giancarlo Lavezzaro, lo visit\u00f2 ad Alba nel &#8217;67 e gli riscontr\u00f2 una miopatia ipertrofica non occlusiva, un cuore a rischio d&#8217;infarto. Oggi Merckx non otterrebbe la licenza per fare sport ad alto livello. Ipertrofia a parte, il cuore grande era molto  generoso.<\/h5>\n<h5 style=\"padding-left: 30px;\">Pagato per dare spettacolo, fornito dalla natura di tutti i mezzi per darlo, di spettacolo ne ha dato davvero tanto, ogni anno da febbraio a ottobre, non come si usa adesso. Questo, con gli auguri per i 70 anni anni, va riconosciuto  a Edouard Louis Joseph Merckx. Con un grazie da ex suiveur che ha ancora un po&#8217; di memoria.<\/h5>\n<h5 style=\"padding-left: 30px;\">(<em>la Repubblica<\/em>, 17 giugno 2015)<\/h5>\n","protected":false},"excerpt":{"rendered":"<p>Oggi Eddy Merckx compie settant&#8217;anni. Per chi l&#8217;ha conosciuto pu\u00f2 bastare l&#8217;articolo qui sotto di Gianni Mura, per chi \u00e8 fortunatamente cos\u00ec giovane da non averlo conosciuto non pu\u00f2 bastare n\u00e9 la bella voce Wikipedia n\u00e9 qualche video d&#8217;annata. Aspettare &hellip; <a href=\"https:\/\/lacittafutura.net\/adrianozanon\/2015\/06\/17\/noi-che-abbiamo-visto-merckx\/\">Continua a leggere<span class=\"meta-nav\">&rarr;<\/span><\/a><\/p>\n","protected":false},"author":6,"featured_media":0,"comment_status":"open","ping_status":"open","sticky":false,"template":"","format":"standard","meta":{"footnotes":""},"categories":[47],"tags":[121],"class_list":["post-10873","post","type-post","status-publish","format-standard","hentry","category-sport","tag-ciclismo"],"_links":{"self":[{"href":"https:\/\/lacittafutura.net\/adrianozanon\/wp-json\/wp\/v2\/posts\/10873","targetHints":{"allow":["GET"]}}],"collection":[{"href":"https:\/\/lacittafutura.net\/adrianozanon\/wp-json\/wp\/v2\/posts"}],"about":[{"href":"https:\/\/lacittafutura.net\/adrianozanon\/wp-json\/wp\/v2\/types\/post"}],"author":[{"embeddable":true,"href":"https:\/\/lacittafutura.net\/adrianozanon\/wp-json\/wp\/v2\/users\/6"}],"replies":[{"embeddable":true,"href":"https:\/\/lacittafutura.net\/adrianozanon\/wp-json\/wp\/v2\/comments?post=10873"}],"version-history":[{"count":20,"href":"https:\/\/lacittafutura.net\/adrianozanon\/wp-json\/wp\/v2\/posts\/10873\/revisions"}],"predecessor-version":[{"id":10889,"href":"https:\/\/lacittafutura.net\/adrianozanon\/wp-json\/wp\/v2\/posts\/10873\/revisions\/10889"}],"wp:attachment":[{"href":"https:\/\/lacittafutura.net\/adrianozanon\/wp-json\/wp\/v2\/media?parent=10873"}],"wp:term":[{"taxonomy":"category","embeddable":true,"href":"https:\/\/lacittafutura.net\/adrianozanon\/wp-json\/wp\/v2\/categories?post=10873"},{"taxonomy":"post_tag","embeddable":true,"href":"https:\/\/lacittafutura.net\/adrianozanon\/wp-json\/wp\/v2\/tags?post=10873"}],"curies":[{"name":"wp","href":"https:\/\/api.w.org\/{rel}","templated":true}]}}