{"id":1041,"date":"2011-02-17T10:22:34","date_gmt":"2011-02-17T10:22:34","guid":{"rendered":"http:\/\/lacittafutura.net\/adrianozanon\/?p=1041"},"modified":"2011-02-17T10:22:34","modified_gmt":"2011-02-17T10:22:34","slug":"desolante","status":"publish","type":"post","link":"https:\/\/lacittafutura.net\/adrianozanon\/2011\/02\/17\/desolante\/","title":{"rendered":"Desolante"},"content":{"rendered":"<p>Marted\u00ec sera ho assistito per due ore al Consiglio comunale. La seduta era di quelle &#8216;storiche&#8217;, poich\u00e9 si trattava di discutere sulla Tav, una questione strategica, destinata a determinare la vita delle prossime generazioni della comunit\u00e0 locale.\u00a0Ma c&#8217;era un pubblico ridotto, una dozzina di persone, Gianfranco Battiston dietro la sua piccola camera e il solo Lucio Leonardelli seduto negli spazi previsti per la stampa. Sono rimasto fino alle ventitr\u00e8, quando fu chiesta e concessa un&#8217;interruzione di cinque minuti per verificare le condizioni di una possibile convergenza sulle mozioni (almeno cos\u00ec ho capito io). Non vedendo particolari contatti\u00a0me ne sono andato.<\/p>\n<p>In realt\u00e0 tutta la prima parte del consiglio \u00e8 stata una cosa poco seria. Anzi, l&#8217;ho definita una situazione &#8220;desolante&#8221; con un sms mandato a breve distanza e mi riferivo all&#8217;atteggiamento di una parte dell&#8217;opposizione.<\/p>\n<p>Ci sono\u00a0momenti in cui anche l&#8217;ottuso e il vanesio, il pi\u00f9 ambiguo e perfino il fascista, si mettono ad ascoltare per capire cosa dicono gli altri e poi trasmettono\u00a0la propria posizione con chiarezza, con seriet\u00e0, con\u00a0la solennit\u00e0 necessaria all&#8217;occasione, anche e soprattutto per distinguersi. Cos\u00ec non \u00e8 stato.<\/p>\n<p>Mi rifiuto di entrare in un&#8217;analisi pi\u00f9 approfondita e mi tengo tutta la mia desolazione, un sentimento che\u00a0temo anticipi lo stato futuro di questo nostro territorio, ma &#8211; come ho <a title=\"link al 5 dicembre 2010\" href=\"http:\/\/lacittafutura.net\/adrianozanon\/2010\/12\/05\/5-dicembre-2028\/\">gi\u00e0 scritto <\/a>su questo blog &#8211; quando io spero di non esserci pi\u00f9.<\/p>\n","protected":false},"excerpt":{"rendered":"<p>Marted\u00ec sera ho assistito per due ore al Consiglio comunale. La seduta era di quelle &#8216;storiche&#8217;, poich\u00e9 si trattava di discutere sulla Tav, una questione strategica, destinata a determinare la vita delle prossime generazioni della comunit\u00e0 locale.\u00a0Ma c&#8217;era un pubblico &hellip; <a href=\"https:\/\/lacittafutura.net\/adrianozanon\/2011\/02\/17\/desolante\/\">Continua a leggere<span class=\"meta-nav\">&rarr;<\/span><\/a><\/p>\n","protected":false},"author":6,"featured_media":0,"comment_status":"open","ping_status":"open","sticky":false,"template":"","format":"standard","meta":{"footnotes":""},"categories":[9,11],"tags":[37],"class_list":["post-1041","post","type-post","status-publish","format-standard","hentry","category-eco-lo","category-pol","tag-tav"],"_links":{"self":[{"href":"https:\/\/lacittafutura.net\/adrianozanon\/wp-json\/wp\/v2\/posts\/1041","targetHints":{"allow":["GET"]}}],"collection":[{"href":"https:\/\/lacittafutura.net\/adrianozanon\/wp-json\/wp\/v2\/posts"}],"about":[{"href":"https:\/\/lacittafutura.net\/adrianozanon\/wp-json\/wp\/v2\/types\/post"}],"author":[{"embeddable":true,"href":"https:\/\/lacittafutura.net\/adrianozanon\/wp-json\/wp\/v2\/users\/6"}],"replies":[{"embeddable":true,"href":"https:\/\/lacittafutura.net\/adrianozanon\/wp-json\/wp\/v2\/comments?post=1041"}],"version-history":[{"count":32,"href":"https:\/\/lacittafutura.net\/adrianozanon\/wp-json\/wp\/v2\/posts\/1041\/revisions"}],"predecessor-version":[{"id":1074,"href":"https:\/\/lacittafutura.net\/adrianozanon\/wp-json\/wp\/v2\/posts\/1041\/revisions\/1074"}],"wp:attachment":[{"href":"https:\/\/lacittafutura.net\/adrianozanon\/wp-json\/wp\/v2\/media?parent=1041"}],"wp:term":[{"taxonomy":"category","embeddable":true,"href":"https:\/\/lacittafutura.net\/adrianozanon\/wp-json\/wp\/v2\/categories?post=1041"},{"taxonomy":"post_tag","embeddable":true,"href":"https:\/\/lacittafutura.net\/adrianozanon\/wp-json\/wp\/v2\/tags?post=1041"}],"curies":[{"name":"wp","href":"https:\/\/api.w.org\/{rel}","templated":true}]}}