{"id":10284,"date":"2015-01-14T20:50:22","date_gmt":"2015-01-14T20:50:22","guid":{"rendered":"http:\/\/lacittafutura.net\/adrianozanon\/?p=10284"},"modified":"2015-01-15T15:04:09","modified_gmt":"2015-01-15T15:04:09","slug":"la-presidenza-napolitano","status":"publish","type":"post","link":"https:\/\/lacittafutura.net\/adrianozanon\/2015\/01\/14\/la-presidenza-napolitano\/","title":{"rendered":"La presidenza Napolitano"},"content":{"rendered":"<p><strong>Oggi, 14 gennaio 2015, si \u00e8 dimesso il presidente della Repubblica <\/strong><a href=\"http:\/\/it.wikipedia.org\/wiki\/Giorgio_Napolitano\"><strong>Giorgio Napolitano<\/strong><\/a> dopo due mandati di sette pi\u00f9 due anni, un record, poich\u00e9 nessun presidente precedente era stato rieletto. Un giudizio su questa lunga presidenza purtroppo \u00e8 gi\u00e0 possibile, io personalmente gli darei un&#8217;insufficienza netta, diciamo 4\/5 e per alcune ragioni molto evidenti. <\/p>\n<p>La prima, un dato inconfutabile, \u00e8 che durante le sue presidenze il paese ha vissuto la crisi pi\u00f9 lunga e grave dal dopoguerra. Crisi economica, ma non solo. E&#8217; in corso una crisi politica e morale che non \u00e8 certo separabile dalla prima come dai principali protagonisti. La seconda ragione \u00e8 per come risolse la prima grave crisi politica del suo primo mandato. Fu la\u00a0forzatura con cui sostitu\u00ec il decotto governo Berlusconi (maggio 2008 &#8211; novembre 2011) con il governo Monti (novembre 2011 &#8211; aprile 2013). Certo non fu il solo responsabile politico. Tutto il Pd di allora lo fu almeno altrettanto. Ma l\u00ec si cominci\u00f2 una deriva, in particolare la subalternit\u00e0 verso le cosiddette istituzioni europee, in realt\u00e0 la <a href=\"http:\/\/it.wikipedia.org\/wiki\/Troika_(politica_europea)\">troika<\/a> (Bce, Fmi, Commissione europea). <\/p>\n<p>La terza ragione per dare un pessimo giudizio \u00e8 perch\u00e9 accett\u00f2 di essere rieletto dopo sette anni. Non fu un atto di responsabilit\u00e0, anzi. Fu la conferma del delirio di onnipotenza rispetto al processo che aveva innescato con l&#8217;operazione Monti. Pensava ancora di guidare un paese complesso e in crisi come fosse un cavallo, con le redini.<\/p>\n<p>E&#8217; naturalmente chiaro che un giudizio pi\u00f9 pacato, se non proprio definitivo, su Napolitano presidente lo daranno gli storici nel tempo. E&#8217;\u00a0appena uscito\u00a0dal Quirinale e sul breve periodo il giudizio \u00e8 destinato ad oscillare in relazione all&#8217;esito di alcune manovre appena iniziate con lui, a partire dalla riforma costituzionale del Senato. Ma a noi intanto \u00e8 chiaro che dopo questi nove anni, lo ripeto, lo stato morale, politico, sociale e perfino culturale del paese \u00e8 peggiorato, quasi catastrofico. L&#8217;affermazione che con un altro Presidente le cose sarebbero andate peggio \u00e8 risibile, degna di un pensiero\u00a0primitivo o della propaganda di un regime\u00a0dispotico.<\/p>\n","protected":false},"excerpt":{"rendered":"<p>Oggi, 14 gennaio 2015, si \u00e8 dimesso il presidente della Repubblica Giorgio Napolitano dopo due mandati di sette pi\u00f9 due anni, un record, poich\u00e9 nessun presidente precedente era stato rieletto. Un giudizio su questa lunga presidenza purtroppo \u00e8 gi\u00e0 possibile, &hellip; <a href=\"https:\/\/lacittafutura.net\/adrianozanon\/2015\/01\/14\/la-presidenza-napolitano\/\">Continua a leggere<span class=\"meta-nav\">&rarr;<\/span><\/a><\/p>\n","protected":false},"author":6,"featured_media":0,"comment_status":"open","ping_status":"open","sticky":false,"template":"","format":"standard","meta":{"footnotes":""},"categories":[11],"tags":[108],"class_list":["post-10284","post","type-post","status-publish","format-standard","hentry","category-pol","tag-crisi"],"_links":{"self":[{"href":"https:\/\/lacittafutura.net\/adrianozanon\/wp-json\/wp\/v2\/posts\/10284","targetHints":{"allow":["GET"]}}],"collection":[{"href":"https:\/\/lacittafutura.net\/adrianozanon\/wp-json\/wp\/v2\/posts"}],"about":[{"href":"https:\/\/lacittafutura.net\/adrianozanon\/wp-json\/wp\/v2\/types\/post"}],"author":[{"embeddable":true,"href":"https:\/\/lacittafutura.net\/adrianozanon\/wp-json\/wp\/v2\/users\/6"}],"replies":[{"embeddable":true,"href":"https:\/\/lacittafutura.net\/adrianozanon\/wp-json\/wp\/v2\/comments?post=10284"}],"version-history":[{"count":27,"href":"https:\/\/lacittafutura.net\/adrianozanon\/wp-json\/wp\/v2\/posts\/10284\/revisions"}],"predecessor-version":[{"id":10340,"href":"https:\/\/lacittafutura.net\/adrianozanon\/wp-json\/wp\/v2\/posts\/10284\/revisions\/10340"}],"wp:attachment":[{"href":"https:\/\/lacittafutura.net\/adrianozanon\/wp-json\/wp\/v2\/media?parent=10284"}],"wp:term":[{"taxonomy":"category","embeddable":true,"href":"https:\/\/lacittafutura.net\/adrianozanon\/wp-json\/wp\/v2\/categories?post=10284"},{"taxonomy":"post_tag","embeddable":true,"href":"https:\/\/lacittafutura.net\/adrianozanon\/wp-json\/wp\/v2\/tags?post=10284"}],"curies":[{"name":"wp","href":"https:\/\/api.w.org\/{rel}","templated":true}]}}