{"id":10148,"date":"2014-12-08T14:10:04","date_gmt":"2014-12-08T14:10:04","guid":{"rendered":"http:\/\/lacittafutura.net\/adrianozanon\/?p=10148"},"modified":"2014-12-08T22:00:11","modified_gmt":"2014-12-08T22:00:11","slug":"il-pd-nella-terra-di-mezzo","status":"publish","type":"post","link":"https:\/\/lacittafutura.net\/adrianozanon\/2014\/12\/08\/il-pd-nella-terra-di-mezzo\/","title":{"rendered":"Il Pd nella Terra di Mezzo"},"content":{"rendered":"<p>Questo \u00e8 un altro buon\u00a0articolo su Mafia Capitale. Lo riporto appena tagliato in testa (le evidenziazioni sono mie).<\/p>\n<h5 style=\"padding-left: 30px;\"><a href=\"http:\/\/www.alfabeta2.it\/2014\/12\/08\/terra-mezzo\/?utm_source=notizie+da+alfabeta2+e+alfapi%C3%B9&amp;utm_campaign=11fcb62361-RSS_EMAIL_CAMPAIGN&amp;utm_medium=email&amp;utm_term=0_7e21973c9b-11fcb62361-323818969\"><strong>Terra di Mezzo<\/strong><\/a><br \/>\ndi Augusto Illuminati<\/h5>\n<h5 style=\"padding-left: 30px;\"><strong>(&#8230;) Quello che sorprende non \u00e8 l\u2019ignobile trama con cui ha arraffato il potere economico una combriccola di ex-detenuti, fascisti di varia osservanza e piddini corrotti<\/strong>, sotto gli occhi di un Marino alquanto distratto e di un\u2019opposizione pi\u00f9 attenta alle infrazioni della Panda rossa del sindaco che non a maneggi criminali sfacciatamente esibiti. Cose che capitano. E che la destra romana in tutte le sfumature stesse assai ammanicata con truffatori, tangentisti e delinquenti non \u00e8 una novit\u00e0. Perfino la doppia funzione di speculare su zingari e migranti e allo stesso tempo di aizzare le periferie contro di loro \u00e8 un classico. Quando alla testa del corteo popolar-razzista abbiamo visto Alemanno e Tredicine, il re dei caldarrostari e ombrellari bengalesi, si era capito subito il gioco.<\/h5>\n<h5 style=\"padding-left: 30px;\"><ins datetime=\"2014-12-08T14:16:57+00:00\">Lo scandalo vero \u00e8 un altro e riguarda solo il Pd o PdR che dir si voglia<\/ins>, il partito della Nazione, di quelli che volevano che Landini chiedesse scusa per aver dubitato che Renzi avesse il consenso degli onesti e allo stesso tempo mandavano un bacio grande a Buzzi. Che Renzi abbia immediatamente sciolto la direzione romana del Pd (peraltro a lui indigesta), cercando di recuperare l\u2019odiato marziano Marino per evitare lo scioglimento del Comune per mafia e una nuova elezione che farebbe impallidire l\u2019astensionismo emiliano, non occulta il fatto che uno dei gruppi dirigenti fondamentali si presenti non solo corrotto ma complice di forze criminali e di destra eversiva. Per di pi\u00f9 a grande notoriet\u00e0 mediatica. I ragazzini con i pupazzi del Nero e del Libanese ci giocano: vogliamo vedere Poletti con la coppola in vendita a S. Gregorio Armeno il prossimo Natale?<\/h5>\n<h5 style=\"padding-left: 30px;\">Com\u2019\u00e8 possibile che, nel pieno dell\u2019offensiva di CasaPound, Borghezio e Lega contro zingari e rifugiati, solo i centri sociali e le associazioni di sostegno ai migranti abbiano denunciato la morsa mortale di pogrom e finte cooperative di sfruttamento, la spirale perversa fra costi di mantenimento elevati e feroce taglieggiamento degli operatori, per un verso, degli ospiti dall\u2019altro? Chi si ficcava in tasca quei soldi? Non servivano forse i pogrom a spostare a rotazione campi rom e centri di accoglienza da una parte all\u2019altra per ottenere fondi che poi qualcuno si pappava spudoratamente? Le vicende dei Cara siciliani e pugliesi e di Castelnuovo di Porto erano state denunciate molto prima che scoppiassero le insurrezioni \u201cben guidate\u201d di Corcolle, Tor Sapienza, Torpignattara, Infernetto ecc.<\/h5>\n<h5 style=\"padding-left: 30px;\"><ins datetime=\"2014-12-08T14:16:57+00:00\">Il gruppo dirigente romano del Pd conosceva bene in realt\u00e0 il gioco della spartizione dei fondi e anche della distribuzione in eccesso dei profughi nel Lazio. Lo conosceva perch\u00e9 vi partecipava, perch\u00e9 loro stavano dentro la macchina, ne ricavano stecche di partito e private e chiudevano un occhio sulla mobilitazione dei penultimi (gli abitanti delle periferie abbandonate) contro gli ultim<\/ins>i. Aveva un bell\u2019andare Marino da Alfano chiedendo di spostare altrove i rifugiati, mentre i suoi assessori si spartivano l\u2019eccesso di Rom, minori non accompagnati e asilanti contro un discreto bottino tangentizio. Tutti zitti, un bel regalo al nascente Fronte lepenista nel nostro Paese.<\/h5>\n<h5 style=\"padding-left: 30px;\">Ma i consiglieri, deputati, funzionari del Pd che andavano in visita pastorale nelle cooperative (Poletti in prima fila) non potevano denunciare la demagogia di Alemanno, quando l\u2019hanno visto alla testa dei pogrom? No che non potevano, proprio perch\u00e9 ci mangiavano insieme (in senso proprio e figurato) e ci si facevano i selfies. Cos\u00ec che familiarmente possono essere evocati nell\u2019intercettazione di una telefonata di Buzzi a Odovaine: \u00abA noi ce manda Goffredo (Bettini) con una precisa indicazione\u00bb\u2026<\/h5>\n<h5 style=\"padding-left: 30px;\"><ins datetime=\"2014-12-08T14:16:57+00:00\">Il ruolo di Poletti, come ex-presidente di Legacoop, \u00e8 ancora pi\u00f9 emblematico. Ha un bel commissariare quella regionale laziale (il giorno dopo la fuga dei maiali dal porcile), ma resta il fatto che organicamente la sua Lega \u00e8 la principale utilizzatrice finale del saccheggio dei fondi europei per trasformare la tragedia dei richiedenti asilo per guerra in colossale affare.<\/ins> Isis e affini li costringono alla fuga, gli scafisti li taglieggiano e alla fine ci mangiano sopra le coop e il terzo settore inquinato. Da al-Baghdadi a Poletti il cerchio si chiude. La legge mafiosa del sub-appalto, del resto, contrassegna la filiera migrante come il Jobs Act, \u00e8 la stessa logica della precariet\u00e0 e delle \u201ctutele crescenti\u201d.<\/h5>\n<h5 style=\"padding-left: 30px;\">Il crimine \u00e8 la matrice del prelievo biopolitico, non un suo effetto collaterale. La bolla speculativa dell\u2019accoglienza tossica \u2013 come \u00e8 stata definita in un documento di ResistenzeMeticce \u2013 si fonda sulla spartizione del mercato al 50% fra il gruppo Eriches 29 di Buzzi e l\u2019Arciconfraternita di Zuccoli, emanazione Cei. Con la benedizione del Comune, sotto le amministrazioni Alemanno e Marino, e del ministero degli Interni. E con il complemento della protesta mediatica e teppistica contro il \u201cdegrado\u201d, alla cui testa si collocano proprio quanti ne sono responsabili e fruitori.<\/h5>\n<h5 style=\"padding-left: 30px;\">A Roma non \u00e8 purtroppo affare di poche mele marce o, secondo la metafora del sindaco-trapiantista, di tumori isolati: marciume e metastasi dilagano nel ceto politico e contaminano l\u2019insofferenza da crisi. Ma c\u2019\u00e8 un\u2019altra Roma non mafiosa e solidale, quella che sabato 13 dicembre si ritrover\u00e0 alle 15 a piazza Vittorio per il diritto alla citt\u00e0. Un\u2019altra volta, come il 3, per difendere l\u2019onore romano contro la cosca del Jobs Act, dei centri d\u2019accoglienza e degli sgomberi.<\/h5>\n<h5 style=\"padding-left: 30px;\"><em>alfabeta2<\/em>, 8 dicembre 2014<\/h5>\n","protected":false},"excerpt":{"rendered":"<p>Questo \u00e8 un altro buon\u00a0articolo su Mafia Capitale. Lo riporto appena tagliato in testa (le evidenziazioni sono mie). Terra di Mezzo di Augusto Illuminati (&#8230;) Quello che sorprende non \u00e8 l\u2019ignobile trama con cui ha arraffato il potere economico una &hellip; <a href=\"https:\/\/lacittafutura.net\/adrianozanon\/2014\/12\/08\/il-pd-nella-terra-di-mezzo\/\">Continua a leggere<span class=\"meta-nav\">&rarr;<\/span><\/a><\/p>\n","protected":false},"author":6,"featured_media":0,"comment_status":"open","ping_status":"open","sticky":false,"template":"","format":"standard","meta":{"footnotes":""},"categories":[11],"tags":[192,21],"class_list":["post-10148","post","type-post","status-publish","format-standard","hentry","category-pol","tag-mafia-capitale","tag-pd"],"_links":{"self":[{"href":"https:\/\/lacittafutura.net\/adrianozanon\/wp-json\/wp\/v2\/posts\/10148","targetHints":{"allow":["GET"]}}],"collection":[{"href":"https:\/\/lacittafutura.net\/adrianozanon\/wp-json\/wp\/v2\/posts"}],"about":[{"href":"https:\/\/lacittafutura.net\/adrianozanon\/wp-json\/wp\/v2\/types\/post"}],"author":[{"embeddable":true,"href":"https:\/\/lacittafutura.net\/adrianozanon\/wp-json\/wp\/v2\/users\/6"}],"replies":[{"embeddable":true,"href":"https:\/\/lacittafutura.net\/adrianozanon\/wp-json\/wp\/v2\/comments?post=10148"}],"version-history":[{"count":8,"href":"https:\/\/lacittafutura.net\/adrianozanon\/wp-json\/wp\/v2\/posts\/10148\/revisions"}],"predecessor-version":[{"id":10160,"href":"https:\/\/lacittafutura.net\/adrianozanon\/wp-json\/wp\/v2\/posts\/10148\/revisions\/10160"}],"wp:attachment":[{"href":"https:\/\/lacittafutura.net\/adrianozanon\/wp-json\/wp\/v2\/media?parent=10148"}],"wp:term":[{"taxonomy":"category","embeddable":true,"href":"https:\/\/lacittafutura.net\/adrianozanon\/wp-json\/wp\/v2\/categories?post=10148"},{"taxonomy":"post_tag","embeddable":true,"href":"https:\/\/lacittafutura.net\/adrianozanon\/wp-json\/wp\/v2\/tags?post=10148"}],"curies":[{"name":"wp","href":"https:\/\/api.w.org\/{rel}","templated":true}]}}