{"id":10083,"date":"2014-12-06T23:10:22","date_gmt":"2014-12-06T23:10:22","guid":{"rendered":"http:\/\/lacittafutura.net\/adrianozanon\/?p=10083"},"modified":"2014-12-10T21:05:39","modified_gmt":"2014-12-10T21:05:39","slug":"mafia-e-politica-un-legame-profondo","status":"publish","type":"post","link":"https:\/\/lacittafutura.net\/adrianozanon\/2014\/12\/06\/mafia-e-politica-un-legame-profondo\/","title":{"rendered":"L&#8217;equazione italiana"},"content":{"rendered":"<p>L&#8217;equazione italiana, cio\u00e8 il rapporto tra le variabili indipendenti ed il risultato sociale e politico, si pu\u00f2 esprimere con la funzione  <strong>p= f (a,m), <\/strong> dove p= politica, a= affari e m= mafia.<\/p>\n<p>Questa funzione \u00e8 purtroppo arcinota e quotidianamente confermata, come sta progressivamente emergendo anche dall&#8217;inchiesta su <strong>Mafia Capitale<\/strong>. In realt\u00e0 sono eventi che hanno radici profonde e in questioni storiche che non hanno mai avuto soluzioni di continuit\u00e0. Anzi, hanno avuto i perfezionamenti criminali tipici di un blocco di potere antico ma sempre capace di rinnovarsi.<\/p>\n<p>L&#8217;unica vera novit\u00e0, dopo le vicende dell&#8217;Expo e del Mose, \u00e8 la progressione in cui emergono i casi locali, sembra proprio\u00a0che il sistema non regga pi\u00f9, non riesca pi\u00f9 a nascondersi.<\/p>\n<p>Tuttavia, se tutto \u00e8 arcinoto, le analisi giornalistiche sono perlopi\u00f9 banali e &#8220;locali&#8221;, relegate a Roma.\u00a0 Cos\u00ec, riporto il miglior articolo letto finora, le sottolineature sono mie.<\/p>\n<h5 style=\"padding-left: 30px;\"><strong>Quando Berlinguer annunciava la palude<\/strong><br \/>\ndi Alberto Burgio<\/h5>\n<h5 style=\"padding-left: 30px;\">\u00abI par&shy;titi di oggi sono soprattutto macchine di potere e di clientela. Gesti&shy;scono tal&shy;volta inte&shy;ressi loschi, senza per&shy;se&shy;guire il bene comune. La loro stessa strut&shy;tura orga&shy;niz&shy;za&shy;tiva si \u00e8 ormai con&shy;for&shy;mata su que&shy;sto modello. Non sono pi\u00f9 orga&shy;niz&shy;za&shy;tori del popolo, for&shy;ma&shy;zioni che ne pro&shy;muo&shy;vono la matu&shy;ra&shy;zione civile: sono piut&shy;to&shy;sto fede&shy;ra&shy;zioni di cama&shy;rille, cia&shy;scuna con un boss e dei sotto-boss. Ecco per&shy;ch\u00e9 dico che la que&shy;stione morale \u00e8 il cen&shy;tro del pro&shy;blema ita&shy;liano. Se si con&shy;ti&shy;nua in que&shy;sto modo, in Ita&shy;lia la demo&shy;cra&shy;zia rischia di restrin&shy;gersi e di sof&shy;fo&shy;care in una palude\u00bb. A quanti sono tor&shy;nate in mente in que&shy;ste ore le parole di Enrico Ber&shy;lin&shy;guer nella famosa inter&shy;vi&shy;sta alla Repub&shy;blica del feb&shy;braio 1981? Sono tra&shy;scorsi pi\u00f9 di trent\u2019anni e la palude ormai ci sommerge. (&#8230;)<\/h5>\n<h5 style=\"padding-left: 30px;\"><span style=\"text-decoration: underline;\">In que&shy;sti trenta-quarant\u2019anni non solo non si \u00e8 fatto argine con&shy;tro il malaf&shy;fare. Lo si \u00e8 asse&shy;con&shy;dato, lo si \u00e8 favo&shy;rito.<\/span> Gli anni Ottanta dell\u2019\u00abarricchitevi!\u00bb di cra&shy;xiana memo&shy;ria. Della Milano da bere e del patto scel&shy;le&shy;rato tra Stato e capi&shy;tale pri&shy;vato che apr\u00ec le vora&shy;gini del debito pub&shy;blico e dell\u2019evasione fiscale. Poi venne l\u2019unto di Arcore: la poli&shy;tica usata (con la com&shy;pli&shy;cit\u00e0 di gran parte della \u00absini&shy;stra\u00bb) per sal&shy;vare le aziende di fami&shy;glia; la lega&shy;liz&shy;za&shy;zione dei reati finan&shy;ziari; l\u2019esplosione delle ine&shy;gua&shy;glianze. E ven&shy;nero le \u00abriforme isti&shy;tu&shy;zio&shy;nali\u00bb che, pro&shy;prio per ini&shy;zia&shy;tiva della sini&shy;stra post-comunista, die&shy;dero avvio allo stra&shy;vol&shy;gi&shy;mento maggioritario-presidenzialistico della forma di governo dise&shy;gnata in Costituzione.<\/h5>\n<h5 style=\"padding-left: 30px;\"><span style=\"text-decoration: underline;\">Il pre&shy;si&shy;den&shy;zia&shy;li&shy;smo negli enti locali ha reso le isti&shy;tu&shy;zioni pi\u00f9 fra&shy;gili e per&shy;mea&shy;bili ai clan<\/span> anche per effetto di un appa&shy;rente para&shy;dosso. L\u2019accentramento mono&shy;cra&shy;tico del comando \u00e8 andato <span style=\"text-decoration: underline;\">di pari passo con la disar&shy;ti&shy;co&shy;la&shy;zione dei par&shy;titi poli&shy;tici, cul&shy;mi&shy;nata nella farsa delle pri&shy;ma&shy;rie aperte. <\/span>Que&shy;sto pro&shy;cesso ha da un lato azze&shy;rato la dimen&shy;sione par&shy;te&shy;ci&shy;pa&shy;tiva e la fun&shy;zione di orien&shy;ta&shy;mento cul&shy;tu&shy;rale svolta in pre&shy;ce&shy;denza dai par&shy;titi di massa; dall\u2019altro ha pro&shy;mosso una sele&shy;zione per&shy;versa del ceto politico-amministrativo, pre&shy;miando chi aveva le mani in pasta nel mondo degli affari. Cos\u00ec i par&shy;titi \u2013 soprat&shy;tutto i mag&shy;giori \u2013 si sono ritro&shy;vati sem&shy;pre pi\u00f9 spesso alla merc\u00e9 delle con&shy;sor&shy;te&shy;rie e delle cupole, secondo un mec&shy;ca&shy;ni&shy;smo ana&shy;logo a quello che in altri tempi per&shy;mise a Cosa nostra di coman&shy;dare nella Palermo di Lima, Cian&shy;ci&shy;mino e Gioia.<\/h5>\n<p><strong> <\/strong><\/p>\n<h5 style=\"padding-left: 30px;\"><span style=\"text-decoration: underline;\">Ma un ruolo-chiave, in que&shy;sto disa&shy;stro, lo ha svolto anche l\u2019ideologia o, meglio, la sedi&shy;cente liqui&shy;da&shy;zione delle ideo&shy;lo&shy;gie:<\/span> l\u2019avvento di una poli&shy;tica che si pre&shy;tende post-ideologica, che ha signi&shy;fi&shy;cato in realt\u00e0 il con&shy;gedo di gran parte della sini&shy;stra ita&shy;liana dalle lotte del lavoro e da una pro&shy;spet&shy;tiva cri&shy;tica nei con&shy;fronti degli spi&shy;riti ani&shy;mali del capi&shy;ta&shy;li&shy;smo. Non \u00e8 neces&shy;sa&shy;rio, certo, essere comu&shy;ni&shy;sti per com&shy;pren&shy;dere che mora&shy;lit\u00e0 e buona poli&shy;tica sono stret&shy;ta&shy;mente con&shy;nesse tra loro nel segno del pri&shy;mato della giu&shy;sti&shy;zia e del bene comune. N\u00e9 in linea di prin&shy;ci&shy;pio ade&shy;rire senza riserve alle ragioni del capi&shy;ta&shy;li&shy;smo impe&shy;di&shy;sce di rico&shy;no&shy;scere l\u2019importanza della que&shy;stione morale e di essere \u00abone&shy;sti\u00bb, per ripren&shy;dere un lemma sul quale si \u00e8 ancora di recente dibat&shy;tuto. Ma se della mora&shy;lit\u00e0 e dell\u2019onest\u00e0 non si ha una con&shy;ce&shy;zione povera e astratta, allora si com&shy;prende facil&shy;mente che entrambe coin&shy;vol&shy;gono diret&shy;ta&shy;mente il modo in cui si giu&shy;di&shy;cano l\u2019ingiustizia sociale e il per&shy;si&shy;stere dei pri&shy;vi&shy;legi.<\/h5>\n<h5 style=\"padding-left: 30px;\">Non \u00e8 un caso che, riflet&shy;tendo sulla que&shy;stione morale, Ber&shy;lin&shy;guer in quella stessa inter&shy;vi&shy;sta parli pro&shy;prio di que&shy;sto. Della neces&shy;sit\u00e0 di difen&shy;dere \u00abi poveri, gli emar&shy;gi&shy;nati, gli svan&shy;tag&shy;giati\u00bb e di met&shy;terli dav&shy;vero in con&shy;di&shy;zione di riscat&shy;tarsi. Non \u00e8 un caso che riven&shy;di&shy;chi le lotte del movi&shy;mento ope&shy;raio e dei comu&shy;ni&shy;sti, non sol&shy;tanto con&shy;tro il fasci&shy;smo e con gli ope&shy;rai, ma anche al fianco dei disoc&shy;cu&shy;pati e dei sot&shy;to&shy;pro&shy;le&shy;tari, delle donne e dei gio&shy;vani. N\u00e9 \u00e8 casuale che insi&shy;sta sulle gravi distor&shy;sioni, gli immensi costi sociali, le dispa&shy;rit\u00e0 e gli enormi spre&shy;chi gene&shy;rati dal \u00abtipo di svi&shy;luppo eco&shy;no&shy;mico e sociale capi&shy;ta&shy;li&shy;stico\u00bb. Per con&shy;clu&shy;derne che esso \u2013 \u00abcausa non solo dell\u2019attuale crisi eco&shy;no&shy;mica, ma di feno&shy;meni di bar&shy;ba&shy;rie\u00bb \u2013 deve essere supe&shy;rato, pena il veri&shy;fi&shy;carsi di una cata&shy;strofe sociale \u00abdi pro&shy;por&shy;zioni impensabili\u00bb.<\/h5>\n<h5 style=\"padding-left: 30px;\">Oggi come allora la que&shy;stione morale inve&shy;ste fron&shy;tal&shy;mente la poli&shy;tica anche per que&shy;sta via: \u00e8 una fac&shy;cia della sua com&shy;ples&shy;siva dege&shy;ne&shy;ra&shy;zione. <span style=\"text-decoration: underline;\">Non si tratta sol&shy;tanto di ille&shy;ga&shy;lit\u00e0, ma anche di irre&shy;spon&shy;sa&shy;bi&shy;lit\u00e0 di fronte alla deva&shy;sta&shy;zione sociale pro&shy;vo&shy;cata da trenta e passa anni di domi&shy;nio del mer&shy;cato, del capi&shy;tale pri&shy;vato, dell\u2019interesse par&shy;ti&shy;co&shy;lare.<\/span> Que&shy;stione morale e irre&shy;spon&shy;sa&shy;bi&shy;lit\u00e0 sociale della poli&shy;tica non sono, qui e ora, feno&shy;meni indi&shy;pen&shy;denti tra loro, bens\u00ec mani&shy;fe&shy;sta&shy;zioni della stessa patologia.<\/h5>\n<h5 style=\"padding-left: 30px;\"><em>il manifesto<\/em>, 4 dicembre 2014<\/h5>\n","protected":false},"excerpt":{"rendered":"<p>L&#8217;equazione italiana, cio\u00e8 il rapporto tra le variabili indipendenti ed il risultato sociale e politico, si pu\u00f2 esprimere con la funzione p= f (a,m), dove p= politica, a= affari e m= mafia. Questa funzione \u00e8 purtroppo arcinota e quotidianamente confermata, &hellip; <a href=\"https:\/\/lacittafutura.net\/adrianozanon\/2014\/12\/06\/mafia-e-politica-un-legame-profondo\/\">Continua a leggere<span class=\"meta-nav\">&rarr;<\/span><\/a><\/p>\n","protected":false},"author":6,"featured_media":0,"comment_status":"open","ping_status":"open","sticky":false,"template":"","format":"standard","meta":{"footnotes":""},"categories":[66,11],"tags":[191,192,21],"class_list":["post-10083","post","type-post","status-publish","format-standard","hentry","category-cronaca","category-pol","tag-berlinguer","tag-mafia-capitale","tag-pd"],"_links":{"self":[{"href":"https:\/\/lacittafutura.net\/adrianozanon\/wp-json\/wp\/v2\/posts\/10083","targetHints":{"allow":["GET"]}}],"collection":[{"href":"https:\/\/lacittafutura.net\/adrianozanon\/wp-json\/wp\/v2\/posts"}],"about":[{"href":"https:\/\/lacittafutura.net\/adrianozanon\/wp-json\/wp\/v2\/types\/post"}],"author":[{"embeddable":true,"href":"https:\/\/lacittafutura.net\/adrianozanon\/wp-json\/wp\/v2\/users\/6"}],"replies":[{"embeddable":true,"href":"https:\/\/lacittafutura.net\/adrianozanon\/wp-json\/wp\/v2\/comments?post=10083"}],"version-history":[{"count":67,"href":"https:\/\/lacittafutura.net\/adrianozanon\/wp-json\/wp\/v2\/posts\/10083\/revisions"}],"predecessor-version":[{"id":10114,"href":"https:\/\/lacittafutura.net\/adrianozanon\/wp-json\/wp\/v2\/posts\/10083\/revisions\/10114"}],"wp:attachment":[{"href":"https:\/\/lacittafutura.net\/adrianozanon\/wp-json\/wp\/v2\/media?parent=10083"}],"wp:term":[{"taxonomy":"category","embeddable":true,"href":"https:\/\/lacittafutura.net\/adrianozanon\/wp-json\/wp\/v2\/categories?post=10083"},{"taxonomy":"post_tag","embeddable":true,"href":"https:\/\/lacittafutura.net\/adrianozanon\/wp-json\/wp\/v2\/tags?post=10083"}],"curies":[{"name":"wp","href":"https:\/\/api.w.org\/{rel}","templated":true}]}}